{"id":12069,"date":"2022-04-07T16:12:10","date_gmt":"2022-04-07T16:12:10","guid":{"rendered":"http:\/\/aeaf.edu.pt\/?p=12069"},"modified":"2022-05-12T18:54:12","modified_gmt":"2022-05-12T18:54:12","slug":"feira-verde-2022-eb-manhente","status":"publish","type":"post","link":"https:\/\/aeaf.edu.pt\/?p=12069","title":{"rendered":"FEIRA VERDE\/2022 &#8211; EB Manhente"},"content":{"rendered":"\n<hr class=\"wp-block-separator\"\/>\n\n\n\n<p>No pr\u00f3ximo dia 4 de maio realiza-se na EB de Manhente a Feira Verde. Esta iniciativa decorre durante a manh\u00e3, para todas as turmas&nbsp; e professores da EB de Manhente (de tarde n\u00e3o haver\u00e1 atividades letivas).<\/p>\n\n\n\n<div class=\"wp-block-file aligncenter\"><a href=\"http:\/\/aeaf.edu.pt\/wp-content\/uploads\/2022\/04\/Informacoes-Feira-Verde-EB-Manhente.pdf\" target=\"_blank\" rel=\"noreferrer noopener\"><strong><u><span class=\"has-inline-color has-black-color\">Informac\u00f5es Feira Verde &#8211; EB Manhente<\/span><\/u><\/strong><\/a><a href=\"http:\/\/aeaf.edu.pt\/wp-content\/uploads\/2022\/04\/Informacoes-Feira-Verde-EB-Manhente.pdf\" class=\"wp-block-file__button\" download>Descarregar<\/a><\/div>\n","protected":false},"excerpt":{"rendered":"<p>No pr\u00f3ximo dia 4 de maio realiza-se na EB de Manhente a Feira Verde. Esta iniciativa decorre durante a manh\u00e3, para todas as turmas&nbsp; e professores da EB de Manhente (de tarde n\u00e3o haver\u00e1 atividades letivas).<\/p>\n","protected":false},"author":5,"featured_media":10002,"comment_status":"closed","ping_status":"closed","sticky":false,"template":"","format":"standard","meta":[],"categories":[60],"tags":[],"_links":{"self":[{"href":"https:\/\/aeaf.edu.pt\/index.php?rest_route=\/wp\/v2\/posts\/12069"}],"collection":[{"href":"https:\/\/aeaf.edu.pt\/index.php?rest_route=\/wp\/v2\/posts"}],"about":[{"href":"https:\/\/aeaf.edu.pt\/index.php?rest_route=\/wp\/v2\/types\/post"}],"author":[{"embeddable":true,"href":"https:\/\/aeaf.edu.pt\/index.php?rest_route=\/wp\/v2\/users\/5"}],"replies":[{"embeddable":true,"href":"https:\/\/aeaf.edu.pt\/index.php?rest_route=%2Fwp%2Fv2%2Fcomments&post=12069"}],"version-history":[{"count":2,"href":"https:\/\/aeaf.edu.pt\/index.php?rest_route=\/wp\/v2\/posts\/12069\/revisions"}],"predecessor-version":[{"id":12166,"href":"https:\/\/aeaf.edu.pt\/index.php?rest_route=\/wp\/v2\/posts\/12069\/revisions\/12166"}],"wp:featuredmedia":[{"embeddable":true,"href":"https:\/\/aeaf.edu.pt\/index.php?rest_route=\/wp\/v2\/media\/10002"}],"wp:attachment":[{"href":"https:\/\/aeaf.edu.pt\/index.php?rest_route=%2Fwp%2Fv2%2Fmedia&parent=12069"}],"wp:term":[{"taxonomy":"category","embeddable":true,"href":"https:\/\/aeaf.edu.pt\/index.php?rest_route=%2Fwp%2Fv2%2Fcategories&post=12069"},{"taxonomy":"post_tag","embeddable":true,"href":"https:\/\/aeaf.edu.pt\/index.php?rest_route=%2Fwp%2Fv2%2Ftags&post=12069"}],"curies":[{"name":"wp","href":"https:\/\/api.w.org\/{rel}","templated":true}]}}