{"id":13225,"date":"2023-07-18T17:42:09","date_gmt":"2023-07-18T17:42:09","guid":{"rendered":"http:\/\/aeaf.edu.pt\/?p=13225"},"modified":"2024-02-08T22:43:22","modified_gmt":"2024-02-08T22:43:22","slug":"frequencia-da-disciplina-de-educacao-moral-e-religiosa","status":"publish","type":"post","link":"https:\/\/aeaf.edu.pt\/?p=13225","title":{"rendered":"Frequ\u00eancia da disciplina de Educa\u00e7\u00e3o Moral e Religiosa"},"content":{"rendered":"\n<hr class=\"wp-block-separator\"\/>\n\n\n\n<p>N\u00e3o sendo de renova\u00e7\u00e3o autom\u00e1tica, a declara\u00e7\u00e3o de vontade de frequ\u00eancia da disciplina de Educa\u00e7\u00e3o Moral e Religiosa (EMR) deve ser efetuada anualmente pelos interessados. Assim, nas situa\u00e7\u00f5es de renova\u00e7\u00e3o de matr\u00edcula que operam de forma autom\u00e1tica, nos termos do n\u00ba1 do artigo 8\u00ba do Despacho Normativo n\u00ba 6\/2018 na sua reda\u00e7\u00e3o atual (renova\u00e7\u00e3o de matr\u00edcula para anos de continuidade \u2013 2\u00ba, 3\u00ba, 4\u00ba, 6\u00ba, 8\u00ba, 9\u00ba e 11\u00ba &#8211; nas quais n\u00e3o haja transfer\u00eancia de estabelecimento de educa\u00e7\u00e3o ou de ensino, altera\u00e7\u00e3o de encarregado de educa\u00e7\u00e3o, de curso ou de percurso formativo ou que dependa de escolha de disciplinas), dever\u00e3o os estabelecimentos de ensino proceder \u00e0 recolha da declara\u00e7\u00e3o de vontade de frequ\u00eancia desta disciplina junto dos Encarregados de Educa\u00e7\u00e3o ou dos alunos quando maiores de 16 anos, de acordo com o calend\u00e1rio estabelecido no Despacho n\u00ba 4506-A\/2023.<\/p>\n\n\n\n<p>Nas situa\u00e7\u00f5es de matr\u00edcula no 1\u00ba ano do ensino b\u00e1sico e nas situa\u00e7\u00f5es de renova\u00e7\u00e3o de matr\u00edcula que n\u00e3o operam de forma autom\u00e1tica a declara\u00e7\u00e3o de vontade de frequ\u00eancia na disciplina \u00e9 efetuada no registo de matr\u00edcula \/ renova\u00e7\u00e3o de matr\u00edcula no Portal das Matr\u00edculas.<\/p>\n\n\n\n<p>Para as\/os alunas\/os maiores de 16 anos, uma vez que o Portal das Matr\u00edculas s\u00f3 permite intera\u00e7\u00e3o com Encarregados de Educa\u00e7\u00e3o, a declara\u00e7\u00e3o de vontade de frequ\u00eancia na disciplina de EMR, com indica\u00e7\u00e3o da respetiva confiss\u00e3o (quando exista consentimento expresso por parte dos encarregados de educa\u00e7\u00e3o ou dos alunos quando maiores de idade para a recolha da confiss\u00e3o), deve ser sempre recolhida junto dos alunos pelos estabelecimentos de ensino onde se encontram colocados, por for\u00e7a da aplica\u00e7\u00e3o da Lei da Liberdade Religiosa (Lei n\u00ba 16\/2001).<\/p>\n\n\n\n<p>O modelo em anexo dever\u00e1 ser utilizado, quando necess\u00e1rio, em vers\u00e3o f\u00edsica ou digital, para a recolha da declara\u00e7\u00e3o de vontade de frequ\u00eancia da disciplina de Educa\u00e7\u00e3o Moral e Religiosa junto dos Encarregados de Educa\u00e7\u00e3o ou dos alunos maiores de 16 anos; a utiliza\u00e7\u00e3o desta minuta corresponde ao objetivo de uniformiza\u00e7\u00e3o para garantir a prote\u00e7\u00e3o dos dados pessoais dos alunos.<\/p>\n\n\n\n<div class=\"wp-block-file\"><a href=\"http:\/\/aeaf.edu.pt\/wp-content\/uploads\/2023\/07\/DECLARACAO-DE-VONTADE-DE-FREQUENCIA-DA-DISCIPLINA-DE-EDUCACAO-MORAL-E-RELIGIOSA.pdf\" target=\"_blank\" rel=\"noreferrer noopener\"><strong><u><span class=\"has-inline-color has-black-color\">DECLARA\u00c7\u00c3O DE VONTADE DE FREQU\u00caNCIA DA DISCIPLINA DE EDUCA\u00c7\u00c3O MORAL E RELIGIOSA<\/span><\/u><\/strong><\/a><a href=\"http:\/\/aeaf.edu.pt\/wp-content\/uploads\/2023\/07\/DECLARACAO-DE-VONTADE-DE-FREQUENCIA-DA-DISCIPLINA-DE-EDUCACAO-MORAL-E-RELIGIOSA.pdf\" class=\"wp-block-file__button\" download>Descarregar<\/a><\/div>\n","protected":false},"excerpt":{"rendered":"<p>N\u00e3o sendo de renova\u00e7\u00e3o autom\u00e1tica, a declara\u00e7\u00e3o de vontade de frequ\u00eancia da disciplina de Educa\u00e7\u00e3o Moral e Religiosa (EMR) deve ser efetuada anualmente pelos interessados. Assim, nas situa\u00e7\u00f5es de renova\u00e7\u00e3o de matr\u00edcula que operam de forma autom\u00e1tica, nos termos do n\u00ba1 do artigo 8\u00ba do Despacho Normativo n\u00ba 6\/2018 na sua reda\u00e7\u00e3o atual (renova\u00e7\u00e3o de [&hellip;]<\/p>\n","protected":false},"author":5,"featured_media":9991,"comment_status":"closed","ping_status":"closed","sticky":false,"template":"","format":"standard","meta":[],"categories":[33],"tags":[],"_links":{"self":[{"href":"https:\/\/aeaf.edu.pt\/index.php?rest_route=\/wp\/v2\/posts\/13225"}],"collection":[{"href":"https:\/\/aeaf.edu.pt\/index.php?rest_route=\/wp\/v2\/posts"}],"about":[{"href":"https:\/\/aeaf.edu.pt\/index.php?rest_route=\/wp\/v2\/types\/post"}],"author":[{"embeddable":true,"href":"https:\/\/aeaf.edu.pt\/index.php?rest_route=\/wp\/v2\/users\/5"}],"replies":[{"embeddable":true,"href":"https:\/\/aeaf.edu.pt\/index.php?rest_route=%2Fwp%2Fv2%2Fcomments&post=13225"}],"version-history":[{"count":2,"href":"https:\/\/aeaf.edu.pt\/index.php?rest_route=\/wp\/v2\/posts\/13225\/revisions"}],"predecessor-version":[{"id":13228,"href":"https:\/\/aeaf.edu.pt\/index.php?rest_route=\/wp\/v2\/posts\/13225\/revisions\/13228"}],"wp:featuredmedia":[{"embeddable":true,"href":"https:\/\/aeaf.edu.pt\/index.php?rest_route=\/wp\/v2\/media\/9991"}],"wp:attachment":[{"href":"https:\/\/aeaf.edu.pt\/index.php?rest_route=%2Fwp%2Fv2%2Fmedia&parent=13225"}],"wp:term":[{"taxonomy":"category","embeddable":true,"href":"https:\/\/aeaf.edu.pt\/index.php?rest_route=%2Fwp%2Fv2%2Fcategories&post=13225"},{"taxonomy":"post_tag","embeddable":true,"href":"https:\/\/aeaf.edu.pt\/index.php?rest_route=%2Fwp%2Fv2%2Ftags&post=13225"}],"curies":[{"name":"wp","href":"https:\/\/api.w.org\/{rel}","templated":true}]}}