{"id":13871,"date":"2024-05-07T22:36:37","date_gmt":"2024-05-07T22:36:37","guid":{"rendered":"http:\/\/aeaf.edu.pt\/?p=13871"},"modified":"2024-09-19T21:12:50","modified_gmt":"2024-09-19T21:12:50","slug":"apresentacao-defesa-da-prova-de-aptidao-profissional-pap","status":"publish","type":"post","link":"https:\/\/aeaf.edu.pt\/?p=13871","title":{"rendered":"Apresenta\u00e7\u00e3o\/defesa da Prova de Aptid\u00e3o Profissional (PAP)"},"content":{"rendered":"\n<hr class=\"wp-block-separator\"\/>\n\n\n\n<p class=\"has-text-align-center has-medium-font-size\"><strong>2023\/2024<\/strong><\/p>\n\n\n\n<p><strong>12P1<\/strong> &#8211;<a href=\"https:\/\/aeaf.edu.pt\/?portfolio=tecnico-a-de-apoio-a-gestao\" rel=\"noreferrer noopener\" target=\"_blank\"><a href=\"https:\/\/aeaf.edu.pt\/?portfolio=tecnico-a-de-contabilidade\" rel=\"noreferrer noopener\" target=\"_blank\">T\u00e9cnico\/a de Contabilidade<\/a><\/a> &#8211; <strong>14 de maio<\/strong><\/p>\n\n\n\n<p><strong>12P2<\/strong> &#8211;<a href=\"https:\/\/aeaf.edu.pt\/?portfolio=tecnico-de-gestao-e-programacao-de-sistemas-informaticos-2\" rel=\"noreferrer noopener\" target=\"_blank\">T\u00e9cnico de Gest\u00e3o e Programa\u00e7\u00e3o de Sistemas Inform\u00e1ticos<\/a> &#8211; <strong>8 e 9 de maio<\/strong><\/p>\n\n\n\n<p><strong>12P3<\/strong> &#8211;<a href=\"https:\/\/aeaf.edu.pt\/?portfolio=tecnico-a-de-multimedia\" rel=\"noreferrer noopener\" target=\"_blank\">T\u00e9cnico\/a de Multim\u00e9dia<\/a> &#8211; <strong>19 de julho<\/strong><\/p>\n\n\n\n<p><strong>12P4<\/strong> &#8211;<a href=\"https:\/\/aeaf.edu.pt\/?portfolio=tecnico-a-de-mecatronica\" rel=\"noreferrer noopener\" target=\"_blank\">T\u00e9cnico\/a de Mecatr\u00f3nica<\/a> &#8211; <strong>13 de maio<\/strong><\/p>\n\n\n\n<p><strong>12P5<\/strong> &#8211;<a href=\"https:\/\/aeaf.edu.pt\/?portfolio=tecnico-de-manutencao-industrial-eletromecanica-2\" rel=\"noreferrer noopener\" target=\"_blank\">T\u00e9cnico de Manuten\u00e7\u00e3o Industrial \/ Eletromec\u00e2nica<\/a> &#8211; <strong>9 de maio<\/strong><\/p>\n","protected":false},"excerpt":{"rendered":"<p>2023\/2024 12P1 &#8211;T\u00e9cnico\/a de Contabilidade &#8211; 14 de maio 12P2 &#8211;T\u00e9cnico de Gest\u00e3o e Programa\u00e7\u00e3o de Sistemas Inform\u00e1ticos &#8211; 8 e 9 de maio 12P3 &#8211;T\u00e9cnico\/a de Multim\u00e9dia &#8211; 19 de julho 12P4 &#8211;T\u00e9cnico\/a de Mecatr\u00f3nica &#8211; 13 de maio 12P5 &#8211;T\u00e9cnico de Manuten\u00e7\u00e3o Industrial \/ Eletromec\u00e2nica &#8211; 9 de maio<\/p>\n","protected":false},"author":5,"featured_media":9991,"comment_status":"closed","ping_status":"closed","sticky":false,"template":"","format":"standard","meta":[],"categories":[33],"tags":[],"_links":{"self":[{"href":"https:\/\/aeaf.edu.pt\/index.php?rest_route=\/wp\/v2\/posts\/13871"}],"collection":[{"href":"https:\/\/aeaf.edu.pt\/index.php?rest_route=\/wp\/v2\/posts"}],"about":[{"href":"https:\/\/aeaf.edu.pt\/index.php?rest_route=\/wp\/v2\/types\/post"}],"author":[{"embeddable":true,"href":"https:\/\/aeaf.edu.pt\/index.php?rest_route=\/wp\/v2\/users\/5"}],"replies":[{"embeddable":true,"href":"https:\/\/aeaf.edu.pt\/index.php?rest_route=%2Fwp%2Fv2%2Fcomments&post=13871"}],"version-history":[{"count":3,"href":"https:\/\/aeaf.edu.pt\/index.php?rest_route=\/wp\/v2\/posts\/13871\/revisions"}],"predecessor-version":[{"id":13874,"href":"https:\/\/aeaf.edu.pt\/index.php?rest_route=\/wp\/v2\/posts\/13871\/revisions\/13874"}],"wp:featuredmedia":[{"embeddable":true,"href":"https:\/\/aeaf.edu.pt\/index.php?rest_route=\/wp\/v2\/media\/9991"}],"wp:attachment":[{"href":"https:\/\/aeaf.edu.pt\/index.php?rest_route=%2Fwp%2Fv2%2Fmedia&parent=13871"}],"wp:term":[{"taxonomy":"category","embeddable":true,"href":"https:\/\/aeaf.edu.pt\/index.php?rest_route=%2Fwp%2Fv2%2Fcategories&post=13871"},{"taxonomy":"post_tag","embeddable":true,"href":"https:\/\/aeaf.edu.pt\/index.php?rest_route=%2Fwp%2Fv2%2Ftags&post=13871"}],"curies":[{"name":"wp","href":"https:\/\/api.w.org\/{rel}","templated":true}]}}