{"id":13875,"date":"2024-05-08T11:00:29","date_gmt":"2024-05-08T11:00:29","guid":{"rendered":"http:\/\/aeaf.edu.pt\/?p=13875"},"modified":"2024-06-28T16:18:54","modified_gmt":"2024-06-28T16:18:54","slug":"exposicao-de-maquetes-senhorios-laicos-e-eclesiasticos","status":"publish","type":"post","link":"https:\/\/aeaf.edu.pt\/?p=13875","title":{"rendered":"Exposi\u00e7\u00e3o de Maquetes: Senhorios laicos e eclesi\u00e1sticos"},"content":{"rendered":"\n<hr class=\"wp-block-separator\"\/>\n\n\n\n<p>O Agrupamento de Escolas Alcaides de Faria, convida V\u00aaEx\u00aa para inaugura\u00e7\u00e3o da Exposi\u00e7\u00e3o das maquetes dos alunos do <strong>7\u00baano da Escola B\u00e1sica de Manhente<\/strong> &#8211; <strong>Senhorios laicos e eclesi\u00e1sticos<\/strong> no \u00e2mbito da disciplina de <strong>Hist\u00f3ria<\/strong>, a realizar no dia <strong>13 de maio, \u00e0s 10,30, na Torre de Menagem da Igreja de Manhente<\/strong>, numa parceria com a <strong>Junta de Freguesia de Manhente.<\/strong><\/p>\n\n\n\n<figure class=\"wp-block-image size-large\"><a href=\"http:\/\/aeaf.edu.pt\/wp-content\/uploads\/2024\/05\/Cartaz.png\"><img loading=\"lazy\" width=\"728\" height=\"1030\" src=\"http:\/\/aeaf.edu.pt\/wp-content\/uploads\/2024\/05\/Cartaz-728x1030.png\" alt=\"\" class=\"wp-image-13877\" srcset=\"https:\/\/aeaf.edu.pt\/wp-content\/uploads\/2024\/05\/Cartaz-728x1030.png 728w, https:\/\/aeaf.edu.pt\/wp-content\/uploads\/2024\/05\/Cartaz-212x300.png 212w, https:\/\/aeaf.edu.pt\/wp-content\/uploads\/2024\/05\/Cartaz-768x1086.png 768w, https:\/\/aeaf.edu.pt\/wp-content\/uploads\/2024\/05\/Cartaz-1086x1536.png 1086w, https:\/\/aeaf.edu.pt\/wp-content\/uploads\/2024\/05\/Cartaz-1060x1500.png 1060w, https:\/\/aeaf.edu.pt\/wp-content\/uploads\/2024\/05\/Cartaz-498x705.png 498w, https:\/\/aeaf.edu.pt\/wp-content\/uploads\/2024\/05\/Cartaz-450x637.png 450w, https:\/\/aeaf.edu.pt\/wp-content\/uploads\/2024\/05\/Cartaz.png 1240w\" sizes=\"(max-width: 728px) 100vw, 728px\" \/><\/a><\/figure>\n","protected":false},"excerpt":{"rendered":"<p>O Agrupamento de Escolas Alcaides de Faria, convida V\u00aaEx\u00aa para inaugura\u00e7\u00e3o da Exposi\u00e7\u00e3o das maquetes dos alunos do 7\u00baano da Escola B\u00e1sica de Manhente &#8211; Senhorios laicos e eclesi\u00e1sticos no \u00e2mbito da disciplina de Hist\u00f3ria, a realizar no dia 13 de maio, \u00e0s 10,30, na Torre de Menagem da Igreja de Manhente, numa parceria com [&hellip;]<\/p>\n","protected":false},"author":5,"featured_media":10002,"comment_status":"closed","ping_status":"closed","sticky":false,"template":"","format":"standard","meta":[],"categories":[60],"tags":[],"_links":{"self":[{"href":"https:\/\/aeaf.edu.pt\/index.php?rest_route=\/wp\/v2\/posts\/13875"}],"collection":[{"href":"https:\/\/aeaf.edu.pt\/index.php?rest_route=\/wp\/v2\/posts"}],"about":[{"href":"https:\/\/aeaf.edu.pt\/index.php?rest_route=\/wp\/v2\/types\/post"}],"author":[{"embeddable":true,"href":"https:\/\/aeaf.edu.pt\/index.php?rest_route=\/wp\/v2\/users\/5"}],"replies":[{"embeddable":true,"href":"https:\/\/aeaf.edu.pt\/index.php?rest_route=%2Fwp%2Fv2%2Fcomments&post=13875"}],"version-history":[{"count":2,"href":"https:\/\/aeaf.edu.pt\/index.php?rest_route=\/wp\/v2\/posts\/13875\/revisions"}],"predecessor-version":[{"id":13878,"href":"https:\/\/aeaf.edu.pt\/index.php?rest_route=\/wp\/v2\/posts\/13875\/revisions\/13878"}],"wp:featuredmedia":[{"embeddable":true,"href":"https:\/\/aeaf.edu.pt\/index.php?rest_route=\/wp\/v2\/media\/10002"}],"wp:attachment":[{"href":"https:\/\/aeaf.edu.pt\/index.php?rest_route=%2Fwp%2Fv2%2Fmedia&parent=13875"}],"wp:term":[{"taxonomy":"category","embeddable":true,"href":"https:\/\/aeaf.edu.pt\/index.php?rest_route=%2Fwp%2Fv2%2Fcategories&post=13875"},{"taxonomy":"post_tag","embeddable":true,"href":"https:\/\/aeaf.edu.pt\/index.php?rest_route=%2Fwp%2Fv2%2Ftags&post=13875"}],"curies":[{"name":"wp","href":"https:\/\/api.w.org\/{rel}","templated":true}]}}