{"id":13889,"date":"2024-05-10T09:31:06","date_gmt":"2024-05-10T09:31:06","guid":{"rendered":"http:\/\/aeaf.edu.pt\/?p=13889"},"modified":"2024-09-19T21:00:20","modified_gmt":"2024-09-19T21:00:20","slug":"informacoes-e-normas-para-os-alunos-sobre-provas-de-afericao-2023-2024-circular-no-184","status":"publish","type":"post","link":"https:\/\/aeaf.edu.pt\/?p=13889","title":{"rendered":"Informa\u00e7\u00f5es e normas para os alunos sobre Provas de Aferi\u00e7\u00e3o 2023\/2024 &#8211; Circular N\u00ba 184"},"content":{"rendered":"\n<hr class=\"wp-block-separator\"\/>\n\n\n\n<p>Calend\u00e1rio\/Hor\u00e1rio e Informa\u00e7\u00f5es pertinentes para os Alunos e Encarregados de Educa\u00e7\u00e3o dos 5\u00ba e 8\u00ba anos de escolaridade sobre as Provas de Aferi\u00e7\u00e3o.<\/p>\n\n\n\n<p class=\"has-medium-font-size\"><strong>CALEND\u00c1RIO-HOR\u00c1RIO<\/strong><\/p>\n\n\n\n<p><br><strong>1.1- As Provas de Aferi\u00e7\u00e3o a realizar no 5\u00ba Ano s\u00e3o:<\/strong><\/p>\n\n\n\n<ul><li>Prova pr\u00e1tica de Educa\u00e7\u00e3o Musical (54) \u2013 Entre 16 e 27 de maio;<\/li><li>Prova escrita de Matem\u00e1tica e Ci\u00eancias Naturais (58) \u2013 dia 04 de junho: Turno 1 \u00e0s 09h30 e o Turno 2<br>\u00e0s 11h30;<br><\/li><\/ul>\n\n\n\n<p><strong>1.2- As Provas de Aferi\u00e7\u00e3o a realizar no 8\u00ba Ano s\u00e3o:<\/strong><\/p>\n\n\n\n<ul><li>Componente de produ\u00e7\u00e3o e intera\u00e7\u00e3o orais de Ingl\u00eas (81) &#8211; Entre 16 e 27 de maio;<\/li><li>Prova escrita de Ingl\u00eas (81) \u2013 dia 06 de junho: Turno 1 \u00e0s 09h30 e o Turno 2 \u00e0s 11h30;<\/li><li>Prova escrita de Portugu\u00eas (85) \u2013 dia 03 de junho: Turno 1 \u00e0s 09h30 e o Turno 2 \u00e0s 11h30.<\/li><\/ul>\n\n\n\n<hr class=\"wp-block-separator\"\/>\n\n\n\n<div class=\"wp-block-file aligncenter\"><a href=\"http:\/\/aeaf.edu.pt\/wp-content\/uploads\/2024\/05\/184-Circular-Informacoes-e-normas-para-os-alunos-sobre-Provas-de-Afericao-2023-2024.pdf\" target=\"_blank\" rel=\"noreferrer noopener\"><strong><u><span class=\"has-inline-color has-black-color\">184 Circular &#8211; Informa\u00e7\u00f5es e normas para os alunos sobre Provas de Aferi\u00e7\u00e3o 2023-2024<\/span><\/u><\/strong><\/a><a href=\"http:\/\/aeaf.edu.pt\/wp-content\/uploads\/2024\/05\/184-Circular-Informacoes-e-normas-para-os-alunos-sobre-Provas-de-Afericao-2023-2024.pdf\" class=\"wp-block-file__button\" download>Descarregar<\/a><\/div>\n","protected":false},"excerpt":{"rendered":"<p>Calend\u00e1rio\/Hor\u00e1rio e Informa\u00e7\u00f5es pertinentes para os Alunos e Encarregados de Educa\u00e7\u00e3o dos 5\u00ba e 8\u00ba anos de escolaridade sobre as Provas de Aferi\u00e7\u00e3o. CALEND\u00c1RIO-HOR\u00c1RIO 1.1- As Provas de Aferi\u00e7\u00e3o a realizar no 5\u00ba Ano s\u00e3o: Prova pr\u00e1tica de Educa\u00e7\u00e3o Musical (54) \u2013 Entre 16 e 27 de maio; Prova escrita de Matem\u00e1tica e Ci\u00eancias Naturais [&hellip;]<\/p>\n","protected":false},"author":5,"featured_media":10002,"comment_status":"closed","ping_status":"closed","sticky":false,"template":"","format":"standard","meta":[],"categories":[33],"tags":[],"_links":{"self":[{"href":"https:\/\/aeaf.edu.pt\/index.php?rest_route=\/wp\/v2\/posts\/13889"}],"collection":[{"href":"https:\/\/aeaf.edu.pt\/index.php?rest_route=\/wp\/v2\/posts"}],"about":[{"href":"https:\/\/aeaf.edu.pt\/index.php?rest_route=\/wp\/v2\/types\/post"}],"author":[{"embeddable":true,"href":"https:\/\/aeaf.edu.pt\/index.php?rest_route=\/wp\/v2\/users\/5"}],"replies":[{"embeddable":true,"href":"https:\/\/aeaf.edu.pt\/index.php?rest_route=%2Fwp%2Fv2%2Fcomments&post=13889"}],"version-history":[{"count":4,"href":"https:\/\/aeaf.edu.pt\/index.php?rest_route=\/wp\/v2\/posts\/13889\/revisions"}],"predecessor-version":[{"id":13894,"href":"https:\/\/aeaf.edu.pt\/index.php?rest_route=\/wp\/v2\/posts\/13889\/revisions\/13894"}],"wp:featuredmedia":[{"embeddable":true,"href":"https:\/\/aeaf.edu.pt\/index.php?rest_route=\/wp\/v2\/media\/10002"}],"wp:attachment":[{"href":"https:\/\/aeaf.edu.pt\/index.php?rest_route=%2Fwp%2Fv2%2Fmedia&parent=13889"}],"wp:term":[{"taxonomy":"category","embeddable":true,"href":"https:\/\/aeaf.edu.pt\/index.php?rest_route=%2Fwp%2Fv2%2Fcategories&post=13889"},{"taxonomy":"post_tag","embeddable":true,"href":"https:\/\/aeaf.edu.pt\/index.php?rest_route=%2Fwp%2Fv2%2Ftags&post=13889"}],"curies":[{"name":"wp","href":"https:\/\/api.w.org\/{rel}","templated":true}]}}