{"id":13935,"date":"2024-05-12T20:23:37","date_gmt":"2024-05-12T20:23:37","guid":{"rendered":"http:\/\/aeaf.edu.pt\/?p=13935"},"modified":"2024-09-19T21:01:53","modified_gmt":"2024-09-19T21:01:53","slug":"matriculas-renovacoes-de-matricula-2024-2025","status":"publish","type":"post","link":"https:\/\/aeaf.edu.pt\/?p=13935","title":{"rendered":"Matr\u00edculas\/Renova\u00e7\u00f5es de Matr\u00edcula 2024\/2025"},"content":{"rendered":"\n<hr class=\"wp-block-separator\"\/>\n\n\n\n<p class=\"has-medium-font-size\"><strong><span class=\"has-inline-color has-black-color\">Prazos das Matr\u00edculas para o ano letivo 2024\/2025<\/span><\/strong>:<\/p>\n\n\n\n<figure class=\"wp-block-image size-full\"><a href=\"http:\/\/aeaf.edu.pt\/wp-content\/uploads\/2024\/05\/prazo-de-matriculas.png\"><img loading=\"lazy\" width=\"860\" height=\"331\" src=\"http:\/\/aeaf.edu.pt\/wp-content\/uploads\/2024\/05\/prazo-de-matriculas.png\" alt=\"\" class=\"wp-image-13938\" srcset=\"https:\/\/aeaf.edu.pt\/wp-content\/uploads\/2024\/05\/prazo-de-matriculas.png 860w, https:\/\/aeaf.edu.pt\/wp-content\/uploads\/2024\/05\/prazo-de-matriculas-300x115.png 300w, https:\/\/aeaf.edu.pt\/wp-content\/uploads\/2024\/05\/prazo-de-matriculas-768x296.png 768w, https:\/\/aeaf.edu.pt\/wp-content\/uploads\/2024\/05\/prazo-de-matriculas-705x271.png 705w, https:\/\/aeaf.edu.pt\/wp-content\/uploads\/2024\/05\/prazo-de-matriculas-450x173.png 450w\" sizes=\"(max-width: 860px) 100vw, 860px\" \/><\/a><\/figure>\n\n\n\n<figure class=\"wp-block-image size-large\"><a href=\"http:\/\/aeaf.edu.pt\/wp-content\/uploads\/2024\/05\/prazo-de-matriculas.png\"><img src=\"http:\/\/aeaf.edu.pt\/wp-content\/uploads\/2024\/05\/prazo-de-matriculas-1030x192.png\" alt=\"\" class=\"wp-image-13936\"\/><\/a><\/figure>\n\n\n\n<hr class=\"wp-block-separator\"\/>\n\n\n\n<p class=\"has-medium-font-size\"><strong><span class=\"has-inline-color has-black-color\">Portal das Matriculas:<\/span><\/strong><\/p>\n\n\n\n<p class=\"has-text-align-center\"><a href=\"https:\/\/www.portaldasmatriculas.edu.gov.pt\/\" target=\"_blank\" rel=\"noreferrer noopener\"><strong><u><span style=\"color:#1d0dde\" class=\"has-inline-color\">https:\/\/www.portaldasmatriculas.edu.gov.pt\/<\/span><\/u><\/strong><\/a><\/p>\n\n\n\n<hr class=\"wp-block-separator\"\/>\n\n\n\n<div class=\"wp-block-image\"><figure class=\"aligncenter size-full\"><a href=\"http:\/\/aeaf.edu.pt\/wp-content\/uploads\/2024\/05\/Matriculas.png\"><img loading=\"lazy\" width=\"746\" height=\"190\" src=\"http:\/\/aeaf.edu.pt\/wp-content\/uploads\/2024\/05\/Matriculas.png\" alt=\"\" class=\"wp-image-13945\" srcset=\"https:\/\/aeaf.edu.pt\/wp-content\/uploads\/2024\/05\/Matriculas.png 746w, https:\/\/aeaf.edu.pt\/wp-content\/uploads\/2024\/05\/Matriculas-300x76.png 300w, https:\/\/aeaf.edu.pt\/wp-content\/uploads\/2024\/05\/Matriculas-705x180.png 705w, https:\/\/aeaf.edu.pt\/wp-content\/uploads\/2024\/05\/Matriculas-450x115.png 450w\" sizes=\"(max-width: 746px) 100vw, 746px\" \/><\/a><\/figure><\/div>\n","protected":false},"excerpt":{"rendered":"<p>Prazos das Matr\u00edculas para o ano letivo 2024\/2025: Portal das Matriculas: https:\/\/www.portaldasmatriculas.edu.gov.pt\/<\/p>\n","protected":false},"author":5,"featured_media":9991,"comment_status":"closed","ping_status":"closed","sticky":false,"template":"","format":"standard","meta":[],"categories":[33],"tags":[],"_links":{"self":[{"href":"https:\/\/aeaf.edu.pt\/index.php?rest_route=\/wp\/v2\/posts\/13935"}],"collection":[{"href":"https:\/\/aeaf.edu.pt\/index.php?rest_route=\/wp\/v2\/posts"}],"about":[{"href":"https:\/\/aeaf.edu.pt\/index.php?rest_route=\/wp\/v2\/types\/post"}],"author":[{"embeddable":true,"href":"https:\/\/aeaf.edu.pt\/index.php?rest_route=\/wp\/v2\/users\/5"}],"replies":[{"embeddable":true,"href":"https:\/\/aeaf.edu.pt\/index.php?rest_route=%2Fwp%2Fv2%2Fcomments&post=13935"}],"version-history":[{"count":9,"href":"https:\/\/aeaf.edu.pt\/index.php?rest_route=\/wp\/v2\/posts\/13935\/revisions"}],"predecessor-version":[{"id":13950,"href":"https:\/\/aeaf.edu.pt\/index.php?rest_route=\/wp\/v2\/posts\/13935\/revisions\/13950"}],"wp:featuredmedia":[{"embeddable":true,"href":"https:\/\/aeaf.edu.pt\/index.php?rest_route=\/wp\/v2\/media\/9991"}],"wp:attachment":[{"href":"https:\/\/aeaf.edu.pt\/index.php?rest_route=%2Fwp%2Fv2%2Fmedia&parent=13935"}],"wp:term":[{"taxonomy":"category","embeddable":true,"href":"https:\/\/aeaf.edu.pt\/index.php?rest_route=%2Fwp%2Fv2%2Fcategories&post=13935"},{"taxonomy":"post_tag","embeddable":true,"href":"https:\/\/aeaf.edu.pt\/index.php?rest_route=%2Fwp%2Fv2%2Ftags&post=13935"}],"curies":[{"name":"wp","href":"https:\/\/api.w.org\/{rel}","templated":true}]}}