{"id":14309,"date":"2024-07-25T22:01:27","date_gmt":"2024-07-25T22:01:27","guid":{"rendered":"http:\/\/aeaf.edu.pt\/?p=14309"},"modified":"2024-09-19T21:09:12","modified_gmt":"2024-09-19T21:09:12","slug":"2a-fase-consulta-de-exames-nacionais-e-provas-finais-de-ciclo-9oano-2024","status":"publish","type":"post","link":"https:\/\/aeaf.edu.pt\/?p=14309","title":{"rendered":"2\u00aa Fase &#8211; Consulta de Exames Nacionais e Provas Finais de Ciclo &#8211; 9\u00baano &#8211; 2024"},"content":{"rendered":"\n<hr class=\"wp-block-separator is-style-default\"\/>\n\n\n\n<p class=\"has-medium-font-size\"><strong><span class=\"has-inline-color has-black-color\">Pe<\/span>dido de Consulta da Prova de Exame: modelos e prazos<\/strong><\/p>\n\n\n\n<p><span class=\"has-inline-color has-black-color\">1. O requerimento para consulta da prova <strong>(Modelo 09\/JNE)<\/strong> em formato edit\u00e1vel, disponibilizado nas p\u00e1ginas eletr\u00f3nicas das escolas, deve ser descarregado, preenchido e apresentado na papelaria da escola ou enviado para o endere\u00e7o <\/span><a href=\"mailto:consultaexames@aeaf.edu.pt\" target=\"_blank\" rel=\"noreferrer noopener\"><strong><span style=\"text-decoration: underline;\"><span style=\"color:#2c22ee\" class=\"has-inline-color\">consultaexames@aeaf.edu.pt<\/span><\/span><\/strong><\/a><span class=\"has-inline-color has-black-color\"> pelo encarregado de educa\u00e7\u00e3o ou pelo pr\u00f3prio aluno, quando maior, e deve ser dirigido ao diretor da escola.<\/span><\/p>\n\n\n\n<p><span class=\"has-inline-color has-black-color\">2. O requerimento \u00e9 apresentado na papelaria da escola ou enviado para o endere\u00e7o eletr\u00f3nico, acima referido, <strong>no pr\u00f3prio dia e no dia \u00fatil seguinte ao da publica\u00e7\u00e3o da respetiva classifica\u00e7\u00e3o<\/strong>: <em>2 e 5 de agosto<\/em> para as <strong><em>Provas Finais de Ciclo do 9\u00ba ano<\/em><\/strong>, <em>5 e 6 de agosto<\/em> para <strong><em>Exames Nacionais do Ensino Secund\u00e1rio<\/em><\/strong>. <strong>N\u00e3o ser\u00e3o aceites pedidos ap\u00f3s as 16h30 horas do dia5\/6 de agosto<\/strong>, para Provas Finais de Ciclo do 9\u00ba ano e Exames Nacionais do Ensino Secund\u00e1rio, respetivamente. O requerimento \u00e9 devolvido ao requerente servindo de recibo.<\/span><\/p>\n\n\n\n<p>3. A&nbsp; c\u00f3pia da prova realizada ser\u00e1 <strong>facultada ao aluno na papelaria da escola no prazo m\u00e1ximo de um dia \u00fatil,<\/strong> ap\u00f3s o requerimento, mediante o pagamento dos encargos. A c\u00f3pia da prova poder\u00e1 ser enviada para o e-mail institucional do aluno. Para tal, \u00e9 necess\u00e1rio que o aluno indique o n\u00famero do cart\u00e3o escolar e este tenha saldo para pagamento dos encargos.<\/p>\n\n\n\n<div style=\"height:42px\" aria-hidden=\"true\" class=\"wp-block-spacer\"><\/div>\n\n\n\n<p class=\"has-medium-font-size\"><strong>Pedido de Reaprecia\u00e7\u00e3o da Prova de Exame: modelos e prazos<\/strong><\/p>\n\n\n\n<p>1<strong>. <\/strong>O requerimento de reaprecia\u00e7\u00e3o de prova (<strong>Modelos 11 e 11A do JNE<\/strong>) \u00e9<strong> formalizado presencialmente nos Servi\u00e7os Administrativos da Escola, nos dois dias \u00fateis seguintes, <\/strong>a ter sido facultada a c\u00f3pia da prova ao aluno.<\/p>\n\n\n\n<p>2. Os modelos referentes ao processo de reaprecia\u00e7\u00e3o <strong>devem, preferencialmente, ser preenchidos em formato digital.<\/strong><\/p>\n\n\n\n<p>3. No caso de erro de soma ou erro de classifica\u00e7\u00e3o nos itens de selec\u00e7\u00e3o, devidamente identificados, deve ser preenchido o Modelo 10<\/p>\n\n\n\n<p>4. Chama-se a aten\u00e7\u00e3o para o <strong>hor\u00e1rio<\/strong> de funcionamento <strong>dos Servi\u00e7os Administrativos<\/strong> e do <strong>rigoroso cumprimento do prazo, ap\u00f3s o qual n\u00e3o ser\u00e3o aceites pedidos de reaprecia\u00e7\u00e3o de prova.<\/strong><\/p>\n\n\n\n<p><strong>Nota<\/strong>&#8211; Os modelos referentes ao processo de consulta de prova de exame e pedido de reaprecia\u00e7\u00e3o, em formato edit\u00e1vel, encontram-se dispon\u00edveis na p\u00e1gina eletr\u00f3nica do agrupamento e em: <a href=\"https:\/\/www.dge.mec.pt\/modelos\"><span style=\"text-decoration: underline;\"><span style=\"color:#1100a3\" class=\"has-inline-color\">https:\/\/www.dge.mec.pt\/modelos<\/span><\/span><\/a>&nbsp;<\/p>\n\n\n\n<p>Para mais informa\u00e7\u00f5es, deve ser lida a Norma 2\/JNE\/2024<\/p>\n\n\n\n<p class=\"has-text-align-right\">O Diretor,<\/p>\n\n\n\n<p class=\"has-text-align-right\">Manuel David Macedo Louren\u00e7o<\/p>\n\n\n\n<hr class=\"wp-block-separator\"\/>\n\n\n\n<div class=\"wp-block-file aligncenter\"><a href=\"http:\/\/aeaf.edu.pt\/wp-content\/uploads\/2024\/07\/modelo_09_2024.pdf\" target=\"_blank\" rel=\"noreferrer noopener\"><strong><span class=\"has-inline-color has-black-color\"><u>Modelo_09_2024<\/u><\/span><\/strong><\/a><a href=\"http:\/\/aeaf.edu.pt\/wp-content\/uploads\/2024\/07\/modelo_09_2024.pdf\" class=\"wp-block-file__button\" download>Descarregar<\/a><\/div>\n\n\n\n<div class=\"wp-block-file aligncenter\"><a href=\"http:\/\/aeaf.edu.pt\/wp-content\/uploads\/2024\/07\/Modelo_10_2024-1.pdf\" target=\"_blank\" rel=\"noreferrer noopener\"><strong><span class=\"has-inline-color has-black-color\"><u>Modelo_10_2024-1<\/u><\/span><\/strong><\/a><a href=\"http:\/\/aeaf.edu.pt\/wp-content\/uploads\/2024\/07\/Modelo_10_2024-1.pdf\" class=\"wp-block-file__button\" download>Descarregar<\/a><\/div>\n\n\n\n<div class=\"wp-block-file aligncenter\"><a href=\"http:\/\/aeaf.edu.pt\/wp-content\/uploads\/2024\/07\/Modelo_11_2024.pdf\" target=\"_blank\" rel=\"noreferrer noopener\"><strong><span class=\"has-inline-color has-black-color\"><u>Modelo_11_2024<\/u><\/span><\/strong><\/a><a href=\"http:\/\/aeaf.edu.pt\/wp-content\/uploads\/2024\/07\/Modelo_11_2024.pdf\" class=\"wp-block-file__button\" download>Descarregar<\/a><\/div>\n\n\n\n<div class=\"wp-block-file aligncenter\"><a href=\"http:\/\/aeaf.edu.pt\/wp-content\/uploads\/2024\/07\/Modelo_11_a_2024.pdf\" target=\"_blank\" rel=\"noreferrer noopener\"><strong><span class=\"has-inline-color has-black-color\"><u>Modelo_11_a_2024<\/u><\/span><\/strong><\/a><a href=\"http:\/\/aeaf.edu.pt\/wp-content\/uploads\/2024\/07\/Modelo_11_a_2024.pdf\" class=\"wp-block-file__button\" download>Descarregar<\/a><\/div>\n","protected":false},"excerpt":{"rendered":"<p>Pedido de Consulta da Prova de Exame: modelos e prazos 1. O requerimento para consulta da prova (Modelo 09\/JNE) em formato edit\u00e1vel, disponibilizado nas p\u00e1ginas eletr\u00f3nicas das escolas, deve ser descarregado, preenchido e apresentado na papelaria da escola ou enviado para o endere\u00e7o consultaexames@aeaf.edu.pt pelo encarregado de educa\u00e7\u00e3o ou pelo pr\u00f3prio aluno, quando maior, e [&hellip;]<\/p>\n","protected":false},"author":5,"featured_media":10002,"comment_status":"closed","ping_status":"closed","sticky":false,"template":"","format":"standard","meta":[],"categories":[33],"tags":[],"_links":{"self":[{"href":"https:\/\/aeaf.edu.pt\/index.php?rest_route=\/wp\/v2\/posts\/14309"}],"collection":[{"href":"https:\/\/aeaf.edu.pt\/index.php?rest_route=\/wp\/v2\/posts"}],"about":[{"href":"https:\/\/aeaf.edu.pt\/index.php?rest_route=\/wp\/v2\/types\/post"}],"author":[{"embeddable":true,"href":"https:\/\/aeaf.edu.pt\/index.php?rest_route=\/wp\/v2\/users\/5"}],"replies":[{"embeddable":true,"href":"https:\/\/aeaf.edu.pt\/index.php?rest_route=%2Fwp%2Fv2%2Fcomments&post=14309"}],"version-history":[{"count":10,"href":"https:\/\/aeaf.edu.pt\/index.php?rest_route=\/wp\/v2\/posts\/14309\/revisions"}],"predecessor-version":[{"id":14323,"href":"https:\/\/aeaf.edu.pt\/index.php?rest_route=\/wp\/v2\/posts\/14309\/revisions\/14323"}],"wp:featuredmedia":[{"embeddable":true,"href":"https:\/\/aeaf.edu.pt\/index.php?rest_route=\/wp\/v2\/media\/10002"}],"wp:attachment":[{"href":"https:\/\/aeaf.edu.pt\/index.php?rest_route=%2Fwp%2Fv2%2Fmedia&parent=14309"}],"wp:term":[{"taxonomy":"category","embeddable":true,"href":"https:\/\/aeaf.edu.pt\/index.php?rest_route=%2Fwp%2Fv2%2Fcategories&post=14309"},{"taxonomy":"post_tag","embeddable":true,"href":"https:\/\/aeaf.edu.pt\/index.php?rest_route=%2Fwp%2Fv2%2Ftags&post=14309"}],"curies":[{"name":"wp","href":"https:\/\/api.w.org\/{rel}","templated":true}]}}