{"id":14513,"date":"2024-10-10T22:03:41","date_gmt":"2024-10-10T22:03:41","guid":{"rendered":"http:\/\/aeaf.edu.pt\/?p=14513"},"modified":"2024-11-14T22:41:08","modified_gmt":"2024-11-14T22:41:08","slug":"erasmusdays-all-over-europe-2","status":"publish","type":"post","link":"https:\/\/aeaf.edu.pt\/?p=14513","title":{"rendered":"ERASMUSDAYS &#8211; ALL OVER EUROPE"},"content":{"rendered":"\n<p class=\"has-text-align-center\" style=\"font-size:18px\"><strong>Clube dos Projetos Europeus<\/strong> &#8211; <strong><em><span style=\"color:#000000\" class=\"has-inline-color\">AEAF<\/span><\/em><\/strong><\/p>\n\n\n\n<p class=\"has-text-align-center\"><strong><span style=\"color:#000000\" class=\"has-inline-color\">14 e 16 de outubro 2024<\/span><\/strong><\/p>\n\n\n\n<p>Nos dias 14 e 16 de Outubro, ser\u00e3o realizados os Erasmus Days na Escola Secund\u00e1ria Alcaides de Faria. As apresenta\u00e7\u00f5es e atividades ser\u00e3o realizadas em v\u00e1rios locais da escola sob o tema Unidos na Diversidade.<\/p>\n\n\n\n<p>Est\u00e1 atento ao programa da ESAF: <strong>#esafclubeeuropeu<\/strong><\/p>\n\n\n\n<figure class=\"wp-block-video\"><video controls src=\"http:\/\/aeaf.edu.pt\/wp-content\/uploads\/2024\/10\/TEASER_ErasmusDays_16-9_ENG-.mp4\"><\/video><\/figure>\n","protected":false},"excerpt":{"rendered":"<p>Clube dos Projetos Europeus &#8211; AEAF 14 e 16 de outubro 2024 Nos dias 14 e 16 de Outubro, ser\u00e3o realizados os Erasmus Days na Escola Secund\u00e1ria Alcaides de Faria. As apresenta\u00e7\u00f5es e atividades ser\u00e3o realizadas em v\u00e1rios locais da escola sob o tema Unidos na Diversidade. Est\u00e1 atento ao programa da ESAF: #esafclubeeuropeu<\/p>\n","protected":false},"author":5,"featured_media":10006,"comment_status":"closed","ping_status":"closed","sticky":false,"template":"","format":"standard","meta":[],"categories":[60],"tags":[],"_links":{"self":[{"href":"https:\/\/aeaf.edu.pt\/index.php?rest_route=\/wp\/v2\/posts\/14513"}],"collection":[{"href":"https:\/\/aeaf.edu.pt\/index.php?rest_route=\/wp\/v2\/posts"}],"about":[{"href":"https:\/\/aeaf.edu.pt\/index.php?rest_route=\/wp\/v2\/types\/post"}],"author":[{"embeddable":true,"href":"https:\/\/aeaf.edu.pt\/index.php?rest_route=\/wp\/v2\/users\/5"}],"replies":[{"embeddable":true,"href":"https:\/\/aeaf.edu.pt\/index.php?rest_route=%2Fwp%2Fv2%2Fcomments&post=14513"}],"version-history":[{"count":2,"href":"https:\/\/aeaf.edu.pt\/index.php?rest_route=\/wp\/v2\/posts\/14513\/revisions"}],"predecessor-version":[{"id":14516,"href":"https:\/\/aeaf.edu.pt\/index.php?rest_route=\/wp\/v2\/posts\/14513\/revisions\/14516"}],"wp:featuredmedia":[{"embeddable":true,"href":"https:\/\/aeaf.edu.pt\/index.php?rest_route=\/wp\/v2\/media\/10006"}],"wp:attachment":[{"href":"https:\/\/aeaf.edu.pt\/index.php?rest_route=%2Fwp%2Fv2%2Fmedia&parent=14513"}],"wp:term":[{"taxonomy":"category","embeddable":true,"href":"https:\/\/aeaf.edu.pt\/index.php?rest_route=%2Fwp%2Fv2%2Fcategories&post=14513"},{"taxonomy":"post_tag","embeddable":true,"href":"https:\/\/aeaf.edu.pt\/index.php?rest_route=%2Fwp%2Fv2%2Ftags&post=14513"}],"curies":[{"name":"wp","href":"https:\/\/api.w.org\/{rel}","templated":true}]}}