{"id":14557,"date":"2024-10-16T20:42:44","date_gmt":"2024-10-16T20:42:44","guid":{"rendered":"http:\/\/aeaf.edu.pt\/?p=14557"},"modified":"2025-10-20T13:17:37","modified_gmt":"2025-10-20T13:17:37","slug":"apresentacao-defesa-da-prova-de-aptidao-profissional-pap-2","status":"publish","type":"post","link":"https:\/\/aeaf.edu.pt\/?p=14557","title":{"rendered":"Apresenta\u00e7\u00e3o\/defesa da Prova de Aptid\u00e3o Profissional (PAP)"},"content":{"rendered":"\n<hr class=\"wp-block-separator\"\/>\n\n\n\n<p class=\"has-text-align-center has-medium-font-size\"><strong>2024\/2025<\/strong><\/p>\n\n\n\n<p><strong>12P1<\/strong> &#8211;<a href=\"https:\/\/aeaf.edu.pt\/?portfolio=tecnico-a-de-apoio-a-gestao\" rel=\"noreferrer noopener\" target=\"_blank\"><\/a><a href=\"https:\/\/aeaf.edu.pt\/?portfolio=tecnico-a-de-contabilidade\" rel=\"noreferrer noopener\" target=\"_blank\">T\u00e9cnico\/a de Contabilidade<\/a> &#8211; <strong>14 de maio de 2025<\/strong><\/p>\n\n\n\n<p><strong>12P2<\/strong> &#8211;<a href=\"https:\/\/aeaf.edu.pt\/?portfolio=tecnico-de-gestao-e-programacao-de-sistemas-informaticos-2\" rel=\"noreferrer noopener\" target=\"_blank\">T\u00e9cnico de Gest\u00e3o e Programa\u00e7\u00e3o de Sistemas Inform\u00e1ticos<\/a> &#8211; <strong>15 e 16 de maio de 2025<\/strong><\/p>\n\n\n\n<p><strong>12P3<\/strong> &#8211;<a href=\"https:\/\/aeaf.edu.pt\/?portfolio=tecnico-a-de-multimedia\" rel=\"noreferrer noopener\" target=\"_blank\">T\u00e9cnico\/a de Multim\u00e9dia<\/a> \/ <a href=\"http:\/\/aeaf.edu.pt\/?portfolio=tecnico-a-de-design-de-comunicacao-grafica\" target=\"_blank\" rel=\"noreferrer noopener\">T\u00e9cnico\/a de Design de Comunica\u00e7\u00e3o Gr\u00e1fica<\/a> &#8211; <strong>1 de maio 2025<\/strong><\/p>\n\n\n\n<p><strong>12P4<\/strong> &#8211;<a href=\"https:\/\/aeaf.edu.pt\/?portfolio=tecnico-a-de-mecatronica\" rel=\"noreferrer noopener\" target=\"_blank\">T\u00e9cnico\/a de Mecatr\u00f3nica<\/a> &#8211; <strong>13 de maio de 2025<\/strong><\/p>\n\n\n\n<p><strong>12P5<\/strong> &#8211;<a href=\"https:\/\/aeaf.edu.pt\/?portfolio=tecnico-de-manutencao-industrial-eletromecanica-2\" rel=\"noreferrer noopener\" target=\"_blank\">T\u00e9cnico de Manuten\u00e7\u00e3o Industrial \/ Eletromec\u00e2nica<\/a> &#8211; <strong>8 de maio de 2025<\/strong><\/p>\n\n\n\n<hr class=\"wp-block-separator\"\/>\n\n\n\n<div class=\"wp-block-file aligncenter\"><a href=\"http:\/\/aeaf.edu.pt\/wp-content\/uploads\/2024\/10\/Datas-de-defesa-da-PAP-e-Criterios-de-Avaliacao-24-25.pdf\" target=\"_blank\" rel=\"noreferrer noopener\"><strong><span class=\"has-inline-color has-black-color\"><u>Datas de defesa da PAP e Crit\u00e9rios de Avalia\u00e7\u00e3o &#8211; 24-25<\/u><\/span><\/strong><\/a><a href=\"http:\/\/aeaf.edu.pt\/wp-content\/uploads\/2024\/10\/Datas-de-defesa-da-PAP-e-Criterios-de-Avaliacao-24-25.pdf\" class=\"wp-block-file__button\" download>Descarregar<\/a><\/div>\n","protected":false},"excerpt":{"rendered":"<p>2024\/2025 12P1 &#8211;T\u00e9cnico\/a de Contabilidade &#8211; 14 de maio de 2025 12P2 &#8211;T\u00e9cnico de Gest\u00e3o e Programa\u00e7\u00e3o de Sistemas Inform\u00e1ticos &#8211; 15 e 16 de maio de 2025 12P3 &#8211;T\u00e9cnico\/a de Multim\u00e9dia \/ T\u00e9cnico\/a de Design de Comunica\u00e7\u00e3o Gr\u00e1fica &#8211; 1 de maio 2025 12P4 &#8211;T\u00e9cnico\/a de Mecatr\u00f3nica &#8211; 13 de maio de 2025 12P5 [&hellip;]<\/p>\n","protected":false},"author":5,"featured_media":9991,"comment_status":"closed","ping_status":"closed","sticky":false,"template":"","format":"standard","meta":[],"categories":[33],"tags":[],"_links":{"self":[{"href":"https:\/\/aeaf.edu.pt\/index.php?rest_route=\/wp\/v2\/posts\/14557"}],"collection":[{"href":"https:\/\/aeaf.edu.pt\/index.php?rest_route=\/wp\/v2\/posts"}],"about":[{"href":"https:\/\/aeaf.edu.pt\/index.php?rest_route=\/wp\/v2\/types\/post"}],"author":[{"embeddable":true,"href":"https:\/\/aeaf.edu.pt\/index.php?rest_route=\/wp\/v2\/users\/5"}],"replies":[{"embeddable":true,"href":"https:\/\/aeaf.edu.pt\/index.php?rest_route=%2Fwp%2Fv2%2Fcomments&post=14557"}],"version-history":[{"count":6,"href":"https:\/\/aeaf.edu.pt\/index.php?rest_route=\/wp\/v2\/posts\/14557\/revisions"}],"predecessor-version":[{"id":14566,"href":"https:\/\/aeaf.edu.pt\/index.php?rest_route=\/wp\/v2\/posts\/14557\/revisions\/14566"}],"wp:featuredmedia":[{"embeddable":true,"href":"https:\/\/aeaf.edu.pt\/index.php?rest_route=\/wp\/v2\/media\/9991"}],"wp:attachment":[{"href":"https:\/\/aeaf.edu.pt\/index.php?rest_route=%2Fwp%2Fv2%2Fmedia&parent=14557"}],"wp:term":[{"taxonomy":"category","embeddable":true,"href":"https:\/\/aeaf.edu.pt\/index.php?rest_route=%2Fwp%2Fv2%2Fcategories&post=14557"},{"taxonomy":"post_tag","embeddable":true,"href":"https:\/\/aeaf.edu.pt\/index.php?rest_route=%2Fwp%2Fv2%2Ftags&post=14557"}],"curies":[{"name":"wp","href":"https:\/\/api.w.org\/{rel}","templated":true}]}}