{"id":14927,"date":"2025-03-09T21:24:20","date_gmt":"2025-03-09T21:24:20","guid":{"rendered":"http:\/\/aeaf.edu.pt\/?p=14927"},"modified":"2025-06-02T14:27:11","modified_gmt":"2025-06-02T14:27:11","slug":"inscricoes-para-os-exames-finais-nacionais-do-ensino-secundario-2025","status":"publish","type":"post","link":"https:\/\/aeaf.edu.pt\/?p=14927","title":{"rendered":"Inscri\u00e7\u00f5es para os Exames Finais Nacionais do Ensino Secund\u00e1rio 2025"},"content":{"rendered":"\n<hr class=\"wp-block-separator\"\/>\n\n\n\n<p>Informam-se os alunos dos <strong>11\u00ba e 12\u00ba anos<\/strong> que o per\u00edodo para <strong>inscri\u00e7\u00f5es na 1\u00ba fase dos exames e provas do ensino secund\u00e1rio<\/strong> (a n\u00edvel nacional ou a n\u00edvel de escola) decorre entre os dias <strong>6 e 19 de mar\u00e7o<\/strong>.<\/p>\n\n\n\n<p>As inscri\u00e7\u00f5es devem ser realizadas atrav\u00e9s da plataforma de inscri\u00e7\u00e3o eletr\u00f3nica, acess\u00edvel em: <\/p>\n\n\n\n<p class=\"has-text-align-center\"><strong><span class=\"has-inline-color has-black-color\"><a href=\"https:\/\/jnepiepe.dge.mec.pt\" target=\"_blank\" rel=\"noreferrer noopener\"><u>https:\/\/jnepiepe.dge.mec.pt<\/u><\/a>.<\/span><\/strong><\/p>\n\n\n\n<p>Devem efetuar a inscri\u00e7\u00e3o na 1\u00ba fase, dentro do prazo indicado acima, os seguintes alunos:<\/p>\n\n\n\n<p><strong><span class=\"has-inline-color has-black-color\">Como Alunos Internos:<\/span><\/strong><\/p>\n\n\n\n<ul><li>Os alunos do 11\u00ba e 12\u00ba anos dos cursos cient\u00edfico-human\u00edsticos que pretendam obter aprova\u00e7\u00e3o em disciplinas cuja classifica\u00e7\u00e3o final depende da realiza\u00e7\u00e3o de exame final nacional.<\/li><\/ul>\n\n\n\n<p><strong><span class=\"has-inline-color has-black-color\">Como Alunos Autopropostos:<\/span><\/strong><\/p>\n\n\n\n<ul><li>Os alunos do 11\u00ba e 12\u00ba anos dos cursos cient\u00edfico-human\u00edsticos, que pretendam concluir disciplinas de anos anteriores nas quais n\u00e3o obtiveram aprova\u00e7\u00e3o;<\/li><\/ul>\n\n\n\n<ul><li>Os alunos que pretendam obter aprova\u00e7\u00e3o em disciplinas do mesmo curso ou de curso diferente do frequentado, nas quais n\u00e3o estejam matriculados, desde que estejam ou tenham estado matriculados no ano curricular em que essas disciplinas s\u00e3o terminais, para prova de ingresso e\/ou complemento de curr\u00edculo;<\/li><\/ul>\n\n\n\n<ul><li>Os alunos que pretendam realizarem melhoria de classifica\u00e7\u00e3o final de disciplina cuja aprova\u00e7\u00e3o foi obtida no ano letivo anterior;<\/li><\/ul>\n\n\n\n<ul><li>Os alunos que pretendem realizar exames finais nacionais em disciplinas que escolham como provas de ingresso para acesso ao ensino superior.<\/li><\/ul>\n\n\n\n<div class=\"wp-block-image\"><figure class=\"aligncenter size-full\"><a href=\"http:\/\/aeaf.edu.pt\/wp-content\/uploads\/2025\/03\/Exames.png\"><img loading=\"lazy\" width=\"838\" height=\"287\" src=\"http:\/\/aeaf.edu.pt\/wp-content\/uploads\/2025\/03\/Exames.png\" alt=\"\" class=\"wp-image-14928\" srcset=\"https:\/\/aeaf.edu.pt\/wp-content\/uploads\/2025\/03\/Exames.png 838w, https:\/\/aeaf.edu.pt\/wp-content\/uploads\/2025\/03\/Exames-300x103.png 300w, https:\/\/aeaf.edu.pt\/wp-content\/uploads\/2025\/03\/Exames-768x263.png 768w, https:\/\/aeaf.edu.pt\/wp-content\/uploads\/2025\/03\/Exames-705x241.png 705w, https:\/\/aeaf.edu.pt\/wp-content\/uploads\/2025\/03\/Exames-450x154.png 450w\" sizes=\"(max-width: 838px) 100vw, 838px\" \/><\/a><\/figure><\/div>\n\n\n\n<div style=\"height:29px\" aria-hidden=\"true\" class=\"wp-block-spacer\"><\/div>\n\n\n\n<div class=\"wp-block-file aligncenter\"><a href=\"http:\/\/aeaf.edu.pt\/wp-content\/uploads\/2025\/03\/circular-n.159_0001.pdf\" target=\"_blank\" rel=\"noreferrer noopener\"><u><span class=\"has-inline-color has-black-color\"><strong>Circular n\u00ba159 0001<\/strong><\/span><\/u><\/a><a href=\"http:\/\/aeaf.edu.pt\/wp-content\/uploads\/2025\/03\/circular-n.159_0001.pdf\" class=\"wp-block-file__button\" download>Descarregar<\/a><\/div>\n\n\n\n<div class=\"wp-block-file aligncenter\"><a href=\"http:\/\/aeaf.edu.pt\/wp-content\/uploads\/2025\/03\/GuiaGeralExames2025.pdf\" target=\"_blank\" rel=\"noreferrer noopener\"><u><span class=\"has-inline-color has-black-color\"><strong>Guia Geral Exames 2025<\/strong><\/span><\/u><\/a><a href=\"http:\/\/aeaf.edu.pt\/wp-content\/uploads\/2025\/03\/GuiaGeralExames2025.pdf\" class=\"wp-block-file__button\" download>Descarregar<\/a><\/div>\n\n\n\n<div class=\"wp-block-file aligncenter\"><a href=\"http:\/\/aeaf.edu.pt\/wp-content\/uploads\/2025\/03\/folheto_inscr_CCH25.pdf\" target=\"_blank\" rel=\"noreferrer noopener\"><u><span class=\"has-inline-color has-black-color\"><strong>Folheto inscr CCH25<\/strong><\/span><\/u><\/a><a href=\"http:\/\/aeaf.edu.pt\/wp-content\/uploads\/2025\/03\/folheto_inscr_CCH25.pdf\" class=\"wp-block-file__button\" download>Descarregar<\/a><\/div>\n\n\n\n<div class=\"wp-block-file aligncenter\"><a href=\"http:\/\/aeaf.edu.pt\/wp-content\/uploads\/2025\/03\/folheto_inscr_CP25.pdf\" target=\"_blank\" rel=\"noreferrer noopener\"><span class=\"has-inline-color has-black-color\"><u><strong>Folheto inscr CP25<\/strong><\/u><\/span><\/a><a href=\"http:\/\/aeaf.edu.pt\/wp-content\/uploads\/2025\/03\/folheto_inscr_CP25.pdf\" class=\"wp-block-file__button\" download>Descarregar<\/a><\/div>\n","protected":false},"excerpt":{"rendered":"<p>Informam-se os alunos dos 11\u00ba e 12\u00ba anos que o per\u00edodo para inscri\u00e7\u00f5es na 1\u00ba fase dos exames e provas do ensino secund\u00e1rio (a n\u00edvel nacional ou a n\u00edvel de escola) decorre entre os dias 6 e 19 de mar\u00e7o. As inscri\u00e7\u00f5es devem ser realizadas atrav\u00e9s da plataforma de inscri\u00e7\u00e3o eletr\u00f3nica, acess\u00edvel em: https:\/\/jnepiepe.dge.mec.pt. Devem [&hellip;]<\/p>\n","protected":false},"author":5,"featured_media":10002,"comment_status":"closed","ping_status":"closed","sticky":false,"template":"","format":"standard","meta":[],"categories":[33],"tags":[],"_links":{"self":[{"href":"https:\/\/aeaf.edu.pt\/index.php?rest_route=\/wp\/v2\/posts\/14927"}],"collection":[{"href":"https:\/\/aeaf.edu.pt\/index.php?rest_route=\/wp\/v2\/posts"}],"about":[{"href":"https:\/\/aeaf.edu.pt\/index.php?rest_route=\/wp\/v2\/types\/post"}],"author":[{"embeddable":true,"href":"https:\/\/aeaf.edu.pt\/index.php?rest_route=\/wp\/v2\/users\/5"}],"replies":[{"embeddable":true,"href":"https:\/\/aeaf.edu.pt\/index.php?rest_route=%2Fwp%2Fv2%2Fcomments&post=14927"}],"version-history":[{"count":4,"href":"https:\/\/aeaf.edu.pt\/index.php?rest_route=\/wp\/v2\/posts\/14927\/revisions"}],"predecessor-version":[{"id":14936,"href":"https:\/\/aeaf.edu.pt\/index.php?rest_route=\/wp\/v2\/posts\/14927\/revisions\/14936"}],"wp:featuredmedia":[{"embeddable":true,"href":"https:\/\/aeaf.edu.pt\/index.php?rest_route=\/wp\/v2\/media\/10002"}],"wp:attachment":[{"href":"https:\/\/aeaf.edu.pt\/index.php?rest_route=%2Fwp%2Fv2%2Fmedia&parent=14927"}],"wp:term":[{"taxonomy":"category","embeddable":true,"href":"https:\/\/aeaf.edu.pt\/index.php?rest_route=%2Fwp%2Fv2%2Fcategories&post=14927"},{"taxonomy":"post_tag","embeddable":true,"href":"https:\/\/aeaf.edu.pt\/index.php?rest_route=%2Fwp%2Fv2%2Ftags&post=14927"}],"curies":[{"name":"wp","href":"https:\/\/api.w.org\/{rel}","templated":true}]}}