{"id":15667,"date":"2025-10-29T13:01:49","date_gmt":"2025-10-29T13:01:49","guid":{"rendered":"https:\/\/aeaf.edu.pt\/?p=15667"},"modified":"2025-10-29T13:01:51","modified_gmt":"2025-10-29T13:01:51","slug":"criterios-de-avaliacao-2025-2026-aeaf","status":"publish","type":"post","link":"https:\/\/aeaf.edu.pt\/?p=15667","title":{"rendered":"Crit\u00e9rios de Avalia\u00e7\u00e3o 2025\/2026 \u2013 AEAF"},"content":{"rendered":"\n<hr class=\"wp-block-separator\"\/>\n\n\n\n<p class=\"has-medium-font-size\"><strong>Educa\u00e7\u00e3o Pr\u00e9-Escolar:<\/strong><\/p>\n\n\n<div id=\"accordions-15633\" class=\"accordions-15633 accordions\">\r\n                <div id=\"accordions-lazy-15633\" class=\"accordions-lazy\">\r\n                    <\/div>\r\n        <script>\r\n            (function($) {\r\n                $(window).on(\"load\",function(){\r\n                    $('#accordions-lazy-15633').fadeOut();\r\n                    $('#accordions-15633 .items').fadeIn();\r\n                })\r\n        })(jQuery);\r\n        <\/script><style type='text\/css'>\r\n        @media only screen and (min-width: 1024px) {\r\n            #accordions-15633 {\r\n                width: 100%;\r\n                            }\r\n        }\r\n        @media only screen and (min-width: 768px) and (max-width: 1023px) {\r\n            #accordions-15633 {\r\n                width: 100%;\r\n                            }\r\n        }\r\n        @media only screen and (min-width: 0px) and (max-width: 767px) {\r\n            #accordions-15633 {\r\n                width: 100%;\r\n                            }\r\n        }\r\n        #accordions-15633 .items {\r\n            display: none;\r\n        }\r\n\r\n        #accordions-15633 .accordions-lazy {\r\n            text-align: center;\r\n            position: absolute;\r\n            top: 50%;\r\n            left: 50%;\r\n            transform: translate(-50%, -50%);\r\n        }\r\n\r\n        #accordions-15633 {\r\n            text-align: left;\r\n            background: #ffffff url() repeat scroll 0 0;\r\n            position: relative;\r\n        }\r\n\r\n        #accordions-15633 .accordions-head {\r\n            background: #bcbcbc none repeat scroll 0 0;\r\n            \r\n                        outline: none;\r\n        }\r\n\r\n        #accordions-15633 .accordions-head-title {\r\n            color: #000000;\r\n            font-size: 16px;\r\n                    }\r\n\r\n        #accordions-15633 .accordions-head-title-toggle {\r\n            color: #000000;\r\n            font-size: 16px;\r\n                    }\r\n\r\n        #accordions-15633 .accordions-head:hover .accordions-head-title {\r\n            color: #ffffff;\r\n                    }\r\n\r\n        #accordions-15633 .ui-state-active {\r\n            background: #bcbcbc;\r\n            border: none;\r\n        }\r\n\r\n        #accordions-15633 .accordion-content {\r\n            background: #ffffff none repeat scroll 0 0;\r\n            border: none;\r\n        }\r\n\r\n        #accordions-15633 .accordion-icons {\r\n            color: #000000;\r\n                    }\r\n\r\n        #accordions-15633 .accordions-head:hover .accordion-icons span {\r\n            color: #000000;\r\n                    }\r\n\r\n            <\/style>\r\n<div class=\"items\">\r\n                        <div post_id=\"15633\" itemcount=\"0\" header_id=\"header-1636052358472\" id=\"header-1636052358472\" style=\"\" class=\"accordions-head head1636052358472 border-none\" toggle-text=\"\" main-text=\"Educa\u00e7\u00e3o Pr\u00e9-Escolar\">\r\n                                            <span id=\"accordion-icons-1636052358472\" class=\"accordion-icons\">\r\n                            <span class=\"accordion-icon-active accordion-plus\"><i class=\"fas fa-chevron-up\"><\/i><\/span>\r\n                            <span class=\"accordion-icon-inactive accordion-minus\"><i class=\"fas fa-chevron-right\"><\/i><\/span>\r\n                        <\/span>\r\n                        <span id=\"header-text-1636052358472\" class=\"accordions-head-title\">Educa\u00e7\u00e3o Pr\u00e9-Escolar<\/span>\r\n                                    <\/div>\r\n                <div class=\"accordion-content content1636052358472 \">\r\n                    <p style=\"text-align: center\"><span style=\"text-decoration: underline\"><strong><a href=\"http:\/\/aeaf.edu.pt\/wp-content\/uploads\/2025\/10\/Orientacoes-Gerais-de-Avaliacao.pdf\" target=\"_blank\" rel=\"noopener\">Orienta\u00e7\u00f5es Gerais de Avalia\u00e7\u00e3o<\/a><\/strong><\/span><\/p>                <\/div>\r\n            <\/div>\r\n    <script>\r\n   (function($) {\r\n\r\n$(document).on(\"ready\",function(){\r\n            accordions_active_index_15633 = [];\r\n                })})(jQuery);\r\n    <\/script>    <script>\r\n        (function($) {\r\n\r\n$(document).on(\"ready\",function(){\r\n            accordion_15633 = $(\"#accordions-15633 .items\").accordion({\r\n                event: \"click\",\r\n                collapsible: true,\r\n                heightStyle: \"content\",\r\n                animate: (\"swing\", 1000),\r\n                navigation: true,\r\n                active: 999,\r\n                            });\r\n        })})(jQuery);\r\n    <\/script>\r\n                <\/div>\n\n\n\n<hr class=\"wp-block-separator\"\/>\n\n\n\n<p class=\"has-medium-font-size\"><strong>1\u00ba Ciclo:<\/strong><\/p>\n\n\n<div id=\"accordions-15634\" class=\"accordions-15634 accordions\">\r\n                <div id=\"accordions-lazy-15634\" class=\"accordions-lazy\">\r\n                    <\/div>\r\n        <script>\r\n            (function($) {\r\n                $(window).on(\"load\",function(){\r\n                    $('#accordions-lazy-15634').fadeOut();\r\n                    $('#accordions-15634 .items').fadeIn();\r\n                })\r\n        })(jQuery);\r\n        <\/script><style type='text\/css'>\r\n        @media only screen and (min-width: 1024px) {\r\n            #accordions-15634 {\r\n                width: 100%;\r\n                            }\r\n        }\r\n        @media only screen and (min-width: 768px) and (max-width: 1023px) {\r\n            #accordions-15634 {\r\n                width: 100%;\r\n                            }\r\n        }\r\n        @media only screen and (min-width: 0px) and (max-width: 767px) {\r\n            #accordions-15634 {\r\n                width: 100%;\r\n                            }\r\n        }\r\n        #accordions-15634 .items {\r\n            display: none;\r\n        }\r\n\r\n        #accordions-15634 .accordions-lazy {\r\n            text-align: center;\r\n            position: absolute;\r\n            top: 50%;\r\n            left: 50%;\r\n            transform: translate(-50%, -50%);\r\n        }\r\n\r\n        #accordions-15634 {\r\n            text-align: left;\r\n            background: #ffffff url() repeat scroll 0 0;\r\n            position: relative;\r\n        }\r\n\r\n        #accordions-15634 .accordions-head {\r\n            background: #bcbcbc none repeat scroll 0 0;\r\n            \r\n                        outline: none;\r\n        }\r\n\r\n        #accordions-15634 .accordions-head-title {\r\n            color: #000000;\r\n            font-size: 16px;\r\n                    }\r\n\r\n        #accordions-15634 .accordions-head-title-toggle {\r\n            color: #000000;\r\n            font-size: 16px;\r\n                    }\r\n\r\n        #accordions-15634 .accordions-head:hover .accordions-head-title {\r\n            color: #ffffff;\r\n                    }\r\n\r\n        #accordions-15634 .ui-state-active {\r\n            background: #bcbcbc;\r\n            border: none;\r\n        }\r\n\r\n        #accordions-15634 .accordion-content {\r\n            background: #ffffff none repeat scroll 0 0;\r\n            border: none;\r\n        }\r\n\r\n        #accordions-15634 .accordion-icons {\r\n            color: #000000;\r\n                    }\r\n\r\n        #accordions-15634 .accordions-head:hover .accordion-icons span {\r\n            color: #000000;\r\n                    }\r\n\r\n            <\/style>\r\n<div class=\"items\">\r\n                        <div post_id=\"15634\" itemcount=\"0\" header_id=\"header-1607524090361\" id=\"header-1607524090361\" style=\"\" class=\"accordions-head head1607524090361 border-none\" toggle-text=\"\" main-text=\"1\u00ba Ano\">\r\n                                            <span id=\"accordion-icons-1607524090361\" class=\"accordion-icons\">\r\n                            <span class=\"accordion-icon-active accordion-plus\"><i class=\"fas fa-chevron-up\"><\/i><\/span>\r\n                            <span class=\"accordion-icon-inactive accordion-minus\"><i class=\"fas fa-chevron-right\"><\/i><\/span>\r\n                        <\/span>\r\n                        <span id=\"header-text-1607524090361\" class=\"accordions-head-title\">1\u00ba Ano<\/span>\r\n                                    <\/div>\r\n                <div class=\"accordion-content content1607524090361 \">\r\n                    <p style=\"text-align: center\"><span style=\"text-decoration: underline\"><strong><a href=\"http:\/\/aeaf.edu.pt\/wp-content\/uploads\/2025\/10\/1.o-Ano-Criterios-de-avaliacao-Apoio-ao-Estudo-2025-2026.pdf\">1.\u00ba-Ano-Criterios-de-Avaliacao-Apoio-ao-Estudo-2025-2026<\/a><\/strong><\/span><\/p>\r\n<p style=\"text-align: center\"><span style=\"text-decoration: underline\"><strong><a href=\"http:\/\/aeaf.edu.pt\/wp-content\/uploads\/2025\/10\/1.o-Ano-Criterios-de-Avaliacao-Oferta-Complementar-2025-2026.pdf\">1.\u00ba-Ano-Criterios-de-Avaliacao-Oferta-Complementar-2025-2026<\/a><\/strong><\/span><\/p>\r\n<p style=\"text-align: center\"><span style=\"text-decoration: underline\"><strong><a href=\"http:\/\/aeaf.edu.pt\/wp-content\/uploads\/2025\/10\/1.o-Ano-Criterios-de-Avaliacao-Educacao-Artistica-2025-2026.pdf\">1.\u00ba-Ano-Criterios-de-Avaliacao-Educacao-Artistica-2025-2026<\/a> <\/strong><\/span><\/p>\r\n<p style=\"text-align: center\"><span style=\"text-decoration: underline\"><strong><a href=\"http:\/\/aeaf.edu.pt\/wp-content\/uploads\/2025\/10\/1.o-Ano-Criterios-de-Avaliacao-de-Portugues-2025-2026.pdf\">1.\u00ba-Ano-Criterios-de-Avaliacao-de-Portugues-2025-2026<\/a><\/strong><\/span><\/p>\r\n<p style=\"text-align: center\"><span style=\"text-decoration: underline\"><strong><a href=\"http:\/\/aeaf.edu.pt\/wp-content\/uploads\/2025\/10\/1.o-Ano-Criterios-de-Avaliacao-de-Matematica-2025-2026.pdf\">1.\u00ba-Ano-Criterios-de-Avaliacao-de-Matematica-2025-2026<\/a><\/strong><\/span><\/p>\r\n<p style=\"text-align: center\"><span style=\"text-decoration: underline\"><strong><a href=\"http:\/\/aeaf.edu.pt\/wp-content\/uploads\/2025\/10\/1.o-Ano-Criterios-de-Avaliacao-de-Estudo-do-Meio-2025-2026.pdf\">1.\u00ba-Ano-Criterios-de-Avaliacao-de-Estudo-do-Meio-2025-2026<\/a><\/strong><\/span><\/p>\r\n<p style=\"text-align: center\"><span style=\"text-decoration: underline\"><strong><a href=\"http:\/\/aeaf.edu.pt\/wp-content\/uploads\/2025\/10\/1.o-Ano-Criterios-de-Avaliacao-de-Educacao-Fisica-2025-2026.pdf\">1.\u00ba-Ano-Criterios-de-Avaliacao-de-Educacao-Fisica-2025-2026<\/a><\/strong><\/span><\/p>                <\/div>\r\n                        <div post_id=\"15634\" itemcount=\"1\" header_id=\"header-1761003361739\" id=\"header-1761003361739\" style=\"\" class=\"accordions-head head1761003361739 border-none\" toggle-text=\"\" main-text=\"2\u00ba Ano\">\r\n                                            <span id=\"accordion-icons-1761003361739\" class=\"accordion-icons\">\r\n                            <span class=\"accordion-icon-active accordion-plus\"><i class=\"fas fa-chevron-up\"><\/i><\/span>\r\n                            <span class=\"accordion-icon-inactive accordion-minus\"><i class=\"fas fa-chevron-right\"><\/i><\/span>\r\n                        <\/span>\r\n                        <span id=\"header-text-1761003361739\" class=\"accordions-head-title\">2\u00ba Ano<\/span>\r\n                                    <\/div>\r\n                <div class=\"accordion-content content1761003361739 \">\r\n                    <p style=\"text-align: center\"><span style=\"text-decoration: underline\"><strong><a href=\"http:\/\/aeaf.edu.pt\/wp-content\/uploads\/2025\/10\/2..o-Ano-Criterios-de-Avaliacao-de-Educacao-Artistica-2025-2026.pdf\">2..\u00ba-Ano-Criterios-de-Avaliacao-de-Educacao-Artistica-2025-2026<\/a><\/strong><\/span><\/p>\r\n<p style=\"text-align: center\"><span style=\"text-decoration: underline\"><strong><a href=\"http:\/\/aeaf.edu.pt\/wp-content\/uploads\/2025\/10\/2.o-Ano-Criterios-de-Avaliacao-Oferta-Complementar-2025-2026.pdf\">2.\u00ba-Ano-Criterios-de-Avaliacao-Oferta-Complementar-2025-2026<\/a><\/strong><\/span><\/p>\r\n<p style=\"text-align: center\"><span style=\"text-decoration: underline\"><strong><a href=\"http:\/\/aeaf.edu.pt\/wp-content\/uploads\/2025\/10\/2.o-Ano-Criterios-de-Avaliacao-de-Portugues-2025-2026.pdf\">2.\u00ba-Ano-Criterios-de-Avaliacao-de-Portugues-2025-2026<\/a><\/strong><\/span><\/p>\r\n<p style=\"text-align: center\"><span style=\"text-decoration: underline\"><strong><a href=\"http:\/\/aeaf.edu.pt\/wp-content\/uploads\/2025\/10\/2.o-Ano-Criterios-de-Avaliacao-de-Matematica-2025-2026.pdf\">2.\u00ba-Ano-Criterios-de-Avaliacao-de-Matematica-2025-2026<\/a><\/strong><\/span><\/p>\r\n<p style=\"text-align: center\"><span style=\"text-decoration: underline\"><strong><a href=\"http:\/\/aeaf.edu.pt\/wp-content\/uploads\/2025\/10\/2.o-Ano-Criterios-de-Avaliacao-de-Estudo-do-Meio-2025-2026.pdf\">2.\u00ba-Ano-Criterios-de-Avaliacao-de-Estudo-do-Meio-2025-2026<\/a><\/strong><\/span><\/p>\r\n<p style=\"text-align: center\"><span style=\"text-decoration: underline\"><strong><a href=\"http:\/\/aeaf.edu.pt\/wp-content\/uploads\/2025\/10\/2.o-Ano-Criterios-de-avaliacao-Apoio-ao-Estudo-2025-2026.pdf\">2.\u00ba-Ano-Criterios-de-avaliacao-Apoio-ao-Estudo-2025-2026<\/a><\/strong><\/span><\/p>\r\n<p style=\"text-align: center\"><span style=\"text-decoration: underline\"><strong><a href=\"http:\/\/aeaf.edu.pt\/wp-content\/uploads\/2025\/10\/2..o-Ano-Criterios-de-Avaliacao-de-Educacao-Fisica-2025-2026.pdf\">2..\u00ba-Ano-Criterios-de-Avaliacao-de-Educacao-Fisica-2025-2026<\/a><\/strong><\/span><\/p>                <\/div>\r\n                        <div post_id=\"15634\" itemcount=\"2\" header_id=\"header-1761003470483\" id=\"header-1761003470483\" style=\"\" class=\"accordions-head head1761003470483 border-none\" toggle-text=\"\" main-text=\"3\u00ba Ano\">\r\n                                            <span id=\"accordion-icons-1761003470483\" class=\"accordion-icons\">\r\n                            <span class=\"accordion-icon-active accordion-plus\"><i class=\"fas fa-chevron-up\"><\/i><\/span>\r\n                            <span class=\"accordion-icon-inactive accordion-minus\"><i class=\"fas fa-chevron-right\"><\/i><\/span>\r\n                        <\/span>\r\n                        <span id=\"header-text-1761003470483\" class=\"accordions-head-title\">3\u00ba Ano<\/span>\r\n                                    <\/div>\r\n                <div class=\"accordion-content content1761003470483 \">\r\n                    <p style=\"text-align: center\"><a href=\"http:\/\/aeaf.edu.pt\/wp-content\/uploads\/2025\/10\/3.o-Ano-Criterios-de-Avaliacao-de-Apoio-ao-Estudo-2025-2026.pdf\"><span style=\"text-decoration: underline\"><strong>3.\u00ba-Ano-Criterios-de-Avaliacao-de-Apoio-ao-Estudo-2025-2026<\/strong><\/span><\/a><\/p>\r\n<p style=\"text-align: center\"><span style=\"text-decoration: underline\"><strong><a href=\"http:\/\/aeaf.edu.pt\/wp-content\/uploads\/2025\/10\/3.o-ano-Criterios-de-Avaliacao-de-Educacao-Artistica-2025-2026.pdf\">3.\u00ba-ano-Criterios-de-Avaliacao-de-Educacao-Artistica-2025-2026<\/a><\/strong><\/span><\/p>\r\n<p style=\"text-align: center\"><span style=\"text-decoration: underline\"><strong><a href=\"http:\/\/aeaf.edu.pt\/wp-content\/uploads\/2025\/10\/3.o-Ano-Criterios-de-Avaliacao-de-Educacao-Fisica-2025-2026.pdf\">3.\u00ba-Ano-Criterios-de-Avaliacao-de-Educacao-Fisica-2025-2026<\/a><\/strong><\/span><\/p>\r\n<p style=\"text-align: center\"><span style=\"text-decoration: underline\"><strong><a href=\"http:\/\/aeaf.edu.pt\/wp-content\/uploads\/2025\/10\/3.o-ano-Criterios-de-Avaliacao-de-Estudo-do-Meio-2025-2026.pdf\">3.\u00ba-ano-Criterios-de-Avaliacao-de-Estudo-do-Meio-2025-2026<\/a><\/strong><\/span><\/p>\r\n<p style=\"text-align: center\"><span style=\"text-decoration: underline\"><strong><a href=\"http:\/\/aeaf.edu.pt\/wp-content\/uploads\/2025\/10\/3.o-ano-Criterios-de-Avaliacao-de-Matematica-2025-2026.pdf\">3.\u00ba-ano-Criterios-de-Avaliacao-de-Matematica-2025-2026<\/a><\/strong><\/span><\/p>\r\n<p style=\"text-align: center\"><span style=\"text-decoration: underline\"><strong><a href=\"http:\/\/aeaf.edu.pt\/wp-content\/uploads\/2025\/10\/3.o-Ano-Criterios-de-Avaliacao-de-Oferta-Complementar-2025-2026.pdf\">3.\u00ba-Ano-Criterios-de-Avaliacao-de-Oferta-Complementar-2025-2026<\/a><\/strong><\/span><\/p>\r\n<p style=\"text-align: center\"><span style=\"text-decoration: underline\"><strong><a href=\"http:\/\/aeaf.edu.pt\/wp-content\/uploads\/2025\/10\/3.o-Ano-Criterios-de-Avaliacao-de-Portugues-2025-2026.pdf\">3.\u00ba-Ano-Criterios-de-Avaliacao-de-Portugues-2025-2026<\/a><\/strong><\/span><\/p>                <\/div>\r\n                        <div post_id=\"15634\" itemcount=\"3\" header_id=\"header-1761003580402\" id=\"header-1761003580402\" style=\"\" class=\"accordions-head head1761003580402 border-none\" toggle-text=\"\" main-text=\"4\u00ba Ano\">\r\n                                            <span id=\"accordion-icons-1761003580402\" class=\"accordion-icons\">\r\n                            <span class=\"accordion-icon-active accordion-plus\"><i class=\"fas fa-chevron-up\"><\/i><\/span>\r\n                            <span class=\"accordion-icon-inactive accordion-minus\"><i class=\"fas fa-chevron-right\"><\/i><\/span>\r\n                        <\/span>\r\n                        <span id=\"header-text-1761003580402\" class=\"accordions-head-title\">4\u00ba Ano<\/span>\r\n                                    <\/div>\r\n                <div class=\"accordion-content content1761003580402 \">\r\n                    <p style=\"text-align: center\"><a href=\"http:\/\/aeaf.edu.pt\/wp-content\/uploads\/2025\/10\/4.o-Ano-Criterios-de-Avaliacao-Apoio-ao-Estudo-2025-2026.pdf\"><span style=\"text-decoration: underline\"><strong>4.\u00ba-Ano-Criterios-de-Avaliacao-Apoio-ao-Estudo-2025-2026<\/strong><\/span><\/a><\/p>\r\n<p style=\"text-align: center\"><span style=\"text-decoration: underline\"><strong><a href=\"http:\/\/aeaf.edu.pt\/wp-content\/uploads\/2025\/10\/4.o-Ano-Criterios-de-Avaliacao-de-Educacao-Fisica-2025-2026.pdf\">4.\u00ba-Ano-Criterios-de-Avaliacao-de-Educacao-Fisica-2025-2026<\/a><\/strong><\/span><\/p>\r\n<p style=\"text-align: center\"><span style=\"text-decoration: underline\"><strong><a href=\"http:\/\/aeaf.edu.pt\/wp-content\/uploads\/2025\/10\/4.o-Ano-Criterios-de-Avaliacao-de-Estudo-do-Meio-2025-2026.pdf\">4.\u00ba-Ano-Criterios-de-Avaliacao-de-Estudo-do-Meio - 2025-2026<\/a><\/strong><\/span><\/p>\r\n<p style=\"text-align: center\"><span style=\"text-decoration: underline\"><strong><a href=\"http:\/\/aeaf.edu.pt\/wp-content\/uploads\/2025\/10\/4.o-ano-Criterios-de-Avaliacao-de-Matematica-2025-2026.pdf\">4.\u00ba-ano-Criterios-de-Avaliacao-de-Matematica-2025-2026<\/a><\/strong><\/span><\/p>\r\n<p style=\"text-align: center\"><span style=\"text-decoration: underline\"><strong><a href=\"http:\/\/aeaf.edu.pt\/wp-content\/uploads\/2025\/10\/4.o-Ano-Criterios-de-Avaliacao-de-Portugues-2025-2026.pdf\">4.\u00ba-Ano-Criterios-de-Avaliacao-de-Portugues-2025-2026<\/a><\/strong><\/span><\/p>\r\n<p style=\"text-align: center\"><span style=\"text-decoration: underline\"><strong><a href=\"http:\/\/aeaf.edu.pt\/wp-content\/uploads\/2025\/10\/4.o-Ano-Criterios-de-Avaliacao-Educacao-Artistica-2025-2026.pdf\">4.\u00ba-Ano-Criterios-de-Avaliacao-Educacao-Artistica-2025-2026<\/a><\/strong><\/span><\/p>\r\n<p style=\"text-align: center\"><span style=\"text-decoration: underline\"><strong><a href=\"http:\/\/aeaf.edu.pt\/wp-content\/uploads\/2025\/10\/4.o-Anos-Criterios-de-Avaliacao-Oferta-Complementar-2025-2026.pdf\">4.\u00ba-Anos-Criterios-de-Avaliacao-Oferta-Complementar-2025-2026<\/a><\/strong><\/span><\/p>                <\/div>\r\n                        <div post_id=\"15634\" itemcount=\"4\" header_id=\"header-1761004440714\" id=\"header-1761004440714\" style=\"\" class=\"accordions-head head1761004440714 border-none\" toggle-text=\"\" main-text=\"Ingl\u00eas 3\u00ba\/4\u00ba Ano\">\r\n                                            <span id=\"accordion-icons-1761004440714\" class=\"accordion-icons\">\r\n                            <span class=\"accordion-icon-active accordion-plus\"><i class=\"fas fa-chevron-up\"><\/i><\/span>\r\n                            <span class=\"accordion-icon-inactive accordion-minus\"><i class=\"fas fa-chevron-right\"><\/i><\/span>\r\n                        <\/span>\r\n                        <span id=\"header-text-1761004440714\" class=\"accordions-head-title\">Ingl\u00eas 3\u00ba\/4\u00ba Ano<\/span>\r\n                                    <\/div>\r\n                <div class=\"accordion-content content1761004440714 \">\r\n                    <p style=\"text-align: center\"><a href=\"http:\/\/aeaf.edu.pt\/wp-content\/uploads\/2025\/10\/INGLES-1o-Ciclo-CRITERIOS-DE-AVALIACAO-2025-26.pdf\"><span style=\"text-decoration: underline\"><strong>INGL\u00caS - 1\u00ba Ciclo - CRITERIOS DE AVALIA\u00c7\u00c3O 2025-26<\/strong><\/span><\/a><\/p>                <\/div>\r\n                        <div post_id=\"15634\" itemcount=\"5\" header_id=\"header-1761004718570\" id=\"header-1761004718570\" style=\"\" class=\"accordions-head head1761004718570 border-none\" toggle-text=\"\" main-text=\"Educa\u00e7\u00e3o Moral e Religiosa Cat\u00f3lica\">\r\n                                            <span id=\"accordion-icons-1761004718570\" class=\"accordion-icons\">\r\n                            <span class=\"accordion-icon-active accordion-plus\"><i class=\"fas fa-chevron-up\"><\/i><\/span>\r\n                            <span class=\"accordion-icon-inactive accordion-minus\"><i class=\"fas fa-chevron-right\"><\/i><\/span>\r\n                        <\/span>\r\n                        <span id=\"header-text-1761004718570\" class=\"accordions-head-title\">Educa\u00e7\u00e3o Moral e Religiosa Cat\u00f3lica<\/span>\r\n                                    <\/div>\r\n                <div class=\"accordion-content content1761004718570 \">\r\n                    <p style=\"text-align: center\"><a href=\"http:\/\/aeaf.edu.pt\/wp-content\/uploads\/2025\/10\/Criterios-de-Avaliacao-EMRC-1o-Ciclo.pdf\"><span style=\"text-decoration: underline\"><strong>Crit\u00e9rios de Avalia\u00e7\u00e3o EMRC - 1\u00ba Ciclo<\/strong><\/span><\/a><\/p>                <\/div>\r\n                        <div post_id=\"15634\" itemcount=\"6\" header_id=\"header-1761005249531\" id=\"header-1761005249531\" style=\"\" class=\"accordions-head head1761005249531 border-none\" toggle-text=\"\" main-text=\"Cidadania e Desenvolvimento\">\r\n                                            <span id=\"accordion-icons-1761005249531\" class=\"accordion-icons\">\r\n                            <span class=\"accordion-icon-active accordion-plus\"><i class=\"fas fa-chevron-up\"><\/i><\/span>\r\n                            <span class=\"accordion-icon-inactive accordion-minus\"><i class=\"fas fa-chevron-right\"><\/i><\/span>\r\n                        <\/span>\r\n                        <span id=\"header-text-1761005249531\" class=\"accordions-head-title\">Cidadania e Desenvolvimento<\/span>\r\n                                    <\/div>\r\n                <div class=\"accordion-content content1761005249531 \">\r\n                    <p style=\"text-align: center\"><a href=\"http:\/\/aeaf.edu.pt\/wp-content\/uploads\/2025\/10\/1oCiclo_CRITERIOS-DE-AVALIACAO-CD_2025-2026.pdf\" target=\"_blank\" rel=\"noopener\"><span style=\"text-decoration: underline\"><strong>1\u00baCiclo_CRITERIOS DE AVALIA\u00c7\u00c3O CD_2025-2026<\/strong><\/span><\/a><\/p>                <\/div>\r\n            <\/div>\r\n    <script>\r\n   (function($) {\r\n\r\n$(document).on(\"ready\",function(){\r\n            accordions_active_index_15634 = [];\r\n                })})(jQuery);\r\n    <\/script>    <script>\r\n        (function($) {\r\n\r\n$(document).on(\"ready\",function(){\r\n            accordion_15634 = $(\"#accordions-15634 .items\").accordion({\r\n                event: \"click\",\r\n                collapsible: true,\r\n                heightStyle: \"content\",\r\n                animate: (\"swing\", 1000),\r\n                navigation: true,\r\n                active: 999,\r\n                            });\r\n        })})(jQuery);\r\n    <\/script>\r\n                <\/div>\n\n\n\n<hr class=\"wp-block-separator\"\/>\n\n\n\n<p class=\"has-medium-font-size\"><strong>2\u00ba Ciclo:<\/strong><\/p>\n\n\n<div id=\"accordions-15635\" class=\"accordions-15635 accordions\">\r\n                <div id=\"accordions-lazy-15635\" class=\"accordions-lazy\">\r\n                    <\/div>\r\n        <script>\r\n            (function($) {\r\n                $(window).on(\"load\",function(){\r\n                    $('#accordions-lazy-15635').fadeOut();\r\n                    $('#accordions-15635 .items').fadeIn();\r\n                })\r\n        })(jQuery);\r\n        <\/script><style type='text\/css'>\r\n        @media only screen and (min-width: 1024px) {\r\n            #accordions-15635 {\r\n                width: 100%;\r\n                            }\r\n        }\r\n        @media only screen and (min-width: 768px) and (max-width: 1023px) {\r\n            #accordions-15635 {\r\n                width: 100%;\r\n                            }\r\n        }\r\n        @media only screen and (min-width: 0px) and (max-width: 767px) {\r\n            #accordions-15635 {\r\n                width: 100%;\r\n                            }\r\n        }\r\n        #accordions-15635 .items {\r\n            display: none;\r\n        }\r\n\r\n        #accordions-15635 .accordions-lazy {\r\n            text-align: center;\r\n            position: absolute;\r\n            top: 50%;\r\n            left: 50%;\r\n            transform: translate(-50%, -50%);\r\n        }\r\n\r\n        #accordions-15635 {\r\n            text-align: left;\r\n            background: #ffffff url() repeat scroll 0 0;\r\n            position: relative;\r\n        }\r\n\r\n        #accordions-15635 .accordions-head {\r\n            background: #bcbcbc none repeat scroll 0 0;\r\n            \r\n                        outline: none;\r\n        }\r\n\r\n        #accordions-15635 .accordions-head-title {\r\n            color: #000000;\r\n            font-size: 16px;\r\n                    }\r\n\r\n        #accordions-15635 .accordions-head-title-toggle {\r\n            color: #000000;\r\n            font-size: 16px;\r\n                    }\r\n\r\n        #accordions-15635 .accordions-head:hover .accordions-head-title {\r\n            color: #ffffff;\r\n                    }\r\n\r\n        #accordions-15635 .ui-state-active {\r\n            background: #bcbcbc;\r\n            border: none;\r\n        }\r\n\r\n        #accordions-15635 .accordion-content {\r\n            background: #ffffff none repeat scroll 0 0;\r\n            border: none;\r\n        }\r\n\r\n        #accordions-15635 .accordion-icons {\r\n            color: #000000;\r\n                    }\r\n\r\n        #accordions-15635 .accordions-head:hover .accordion-icons span {\r\n            color: #000000;\r\n                    }\r\n\r\n            <\/style>\r\n<div class=\"items\">\r\n                        <div post_id=\"15635\" itemcount=\"0\" header_id=\"header-1607524732056\" id=\"header-1607524732056\" style=\"\" class=\"accordions-head head1607524732056 border-none\" toggle-text=\"\" main-text=\"Ci\u00eancias Naturais\">\r\n                                            <span id=\"accordion-icons-1607524732056\" class=\"accordion-icons\">\r\n                            <span class=\"accordion-icon-active accordion-plus\"><i class=\"fas fa-chevron-up\"><\/i><\/span>\r\n                            <span class=\"accordion-icon-inactive accordion-minus\"><i class=\"fas fa-chevron-right\"><\/i><\/span>\r\n                        <\/span>\r\n                        <span id=\"header-text-1607524732056\" class=\"accordions-head-title\">Ci\u00eancias Naturais<\/span>\r\n                                    <\/div>\r\n                <div class=\"accordion-content content1607524732056 \">\r\n                    <p style=\"text-align: center\"><span style=\"text-decoration: underline\"><strong><a href=\"http:\/\/aeaf.edu.pt\/wp-content\/uploads\/2025\/10\/CRITERIOS-DE-AVALIACAO_Ciencias-Naturais_5o6o7o-8o-9o.pdf\" target=\"_blank\" rel=\"noopener\">CRITERIOS DE AVALIA\u00c7AO_Ci\u00eancias Naturais_5\u00ba,6\u00ba,7\u00ba, 8\u00ba, 9\u00ba<\/a><\/strong><\/span><\/p>                <\/div>\r\n                        <div post_id=\"15635\" itemcount=\"1\" header_id=\"header-1636051216816\" id=\"header-1636051216816\" style=\"\" class=\"accordions-head head1636051216816 border-none\" toggle-text=\"\" main-text=\"Cidadania e Desenvolvimento\">\r\n                                            <span id=\"accordion-icons-1636051216816\" class=\"accordion-icons\">\r\n                            <span class=\"accordion-icon-active accordion-plus\"><i class=\"fas fa-chevron-up\"><\/i><\/span>\r\n                            <span class=\"accordion-icon-inactive accordion-minus\"><i class=\"fas fa-chevron-right\"><\/i><\/span>\r\n                        <\/span>\r\n                        <span id=\"header-text-1636051216816\" class=\"accordions-head-title\">Cidadania e Desenvolvimento<\/span>\r\n                                    <\/div>\r\n                <div class=\"accordion-content content1636051216816 \">\r\n                    <p style=\"text-align: center\"><a href=\"http:\/\/aeaf.edu.pt\/wp-content\/uploads\/2025\/10\/2o-e-3o-Ciclos_CRITERIOS-DE-AVALIACAO-CD_2025-2026.pdf\" target=\"_blank\" rel=\"noopener\"><span style=\"text-decoration: underline\"><strong>2\u00ba e 3\u00ba Ciclos_CRITERIOS DE AVALIA\u00c7\u00c3O CD_2025-2026<\/strong><\/span><\/a><\/p>                <\/div>\r\n                        <div post_id=\"15635\" itemcount=\"2\" header_id=\"header-1607535332206\" id=\"header-1607535332206\" style=\"\" class=\"accordions-head head1607535332206 border-none\" toggle-text=\"\" main-text=\"Educa\u00e7\u00e3o Especial\">\r\n                                            <span id=\"accordion-icons-1607535332206\" class=\"accordion-icons\">\r\n                            <span class=\"accordion-icon-active accordion-plus\"><i class=\"fas fa-chevron-up\"><\/i><\/span>\r\n                            <span class=\"accordion-icon-inactive accordion-minus\"><i class=\"fas fa-chevron-right\"><\/i><\/span>\r\n                        <\/span>\r\n                        <span id=\"header-text-1607535332206\" class=\"accordions-head-title\">Educa\u00e7\u00e3o Especial<\/span>\r\n                                    <\/div>\r\n                <div class=\"accordion-content content1607535332206 \">\r\n                    <p style=\"text-align: center\"><a href=\"http:\/\/aeaf.edu.pt\/wp-content\/uploads\/2025\/11\/CRITERIOS-DE-AVALIACAO-Medidas-Adicionais-2025-2026.pdf\"><span style=\"text-decoration: underline\"><strong>CRIT\u00c9RIOS DE AVALIA\u00c7\u00c3O - Medidas Adicionais 2025-2026<\/strong><\/span><\/a><\/p>                <\/div>\r\n                        <div post_id=\"15635\" itemcount=\"3\" header_id=\"header-1607525086755\" id=\"header-1607525086755\" style=\"\" class=\"accordions-head head1607525086755 border-none\" toggle-text=\"\" main-text=\"Educa\u00e7\u00e3o F\u00edsica\">\r\n                                            <span id=\"accordion-icons-1607525086755\" class=\"accordion-icons\">\r\n                            <span class=\"accordion-icon-active accordion-plus\"><i class=\"fas fa-chevron-up\"><\/i><\/span>\r\n                            <span class=\"accordion-icon-inactive accordion-minus\"><i class=\"fas fa-chevron-right\"><\/i><\/span>\r\n                        <\/span>\r\n                        <span id=\"header-text-1607525086755\" class=\"accordions-head-title\">Educa\u00e7\u00e3o F\u00edsica<\/span>\r\n                                    <\/div>\r\n                <div class=\"accordion-content content1607525086755 \">\r\n                    <p style=\"text-align: center\"><span style=\"text-decoration: underline\"><strong><a href=\"http:\/\/aeaf.edu.pt\/wp-content\/uploads\/2025\/10\/CRITERIOS-DE-AVALIACAO-ED-FISICA-25-26-2.oCiclo.docx\" target=\"_blank\" rel=\"noopener\">CRITERIOS DE AVALIA\u00c7AO ED FISICA 25-26 2.\u00baCiclo<\/a> <\/strong><\/span><\/p>\r\n<p style=\"text-align: center\"><span style=\"text-decoration: underline\"><strong><a href=\"http:\/\/aeaf.edu.pt\/wp-content\/uploads\/2025\/10\/CRITERIOS-DE-AVALIACAO-ED-FISICA-25-26_Basico_Atestado-Medico.docx\" target=\"_blank\" rel=\"noopener\">CRITERIOS DE AVALIA\u00c7AO ED FISICA 25 26_B\u00e1sico_Atestado M\u00e9dico<\/a><\/strong><\/span><\/p>                <\/div>\r\n                        <div post_id=\"15635\" itemcount=\"4\" header_id=\"header-1607525484794\" id=\"header-1607525484794\" style=\"\" class=\"accordions-head head1607525484794 border-none\" toggle-text=\"\" main-text=\"Educa\u00e7\u00e3o Musical\">\r\n                                            <span id=\"accordion-icons-1607525484794\" class=\"accordion-icons\">\r\n                            <span class=\"accordion-icon-active accordion-plus\"><i class=\"fas fa-chevron-up\"><\/i><\/span>\r\n                            <span class=\"accordion-icon-inactive accordion-minus\"><i class=\"fas fa-chevron-right\"><\/i><\/span>\r\n                        <\/span>\r\n                        <span id=\"header-text-1607525484794\" class=\"accordions-head-title\">Educa\u00e7\u00e3o Musical<\/span>\r\n                                    <\/div>\r\n                <div class=\"accordion-content content1607525484794 \">\r\n                    <p style=\"text-align: center\"><span style=\"text-decoration: underline\"><strong><a href=\"http:\/\/aeaf.edu.pt\/wp-content\/uploads\/2025\/10\/GRELHA-DOS-CRITERIOS-DE-AVALIACAO-POR-DISCIPLINA_EM-25-26.pdf\" target=\"_blank\" rel=\"noopener\">GRELHA DOS CRITERIOS DE AVALIA\u00c7AO POR DISCIPLINA_EM 25-26<\/a><\/strong><\/span><\/p>                <\/div>\r\n                        <div post_id=\"15635\" itemcount=\"5\" header_id=\"header-1619204411271\" id=\"header-1619204411271\" style=\"\" class=\"accordions-head head1619204411271 border-none\" toggle-text=\"\" main-text=\"Educa\u00e7\u00e3o Tecnol\u00f3gica &amp; Educa\u00e7\u00e3o Visual\">\r\n                                            <span id=\"accordion-icons-1619204411271\" class=\"accordion-icons\">\r\n                            <span class=\"accordion-icon-active accordion-plus\"><i class=\"fas fa-chevron-up\"><\/i><\/span>\r\n                            <span class=\"accordion-icon-inactive accordion-minus\"><i class=\"fas fa-chevron-right\"><\/i><\/span>\r\n                        <\/span>\r\n                        <span id=\"header-text-1619204411271\" class=\"accordions-head-title\">Educa\u00e7\u00e3o Tecnol\u00f3gica &amp; Educa\u00e7\u00e3o Visual<\/span>\r\n                                    <\/div>\r\n                <div class=\"accordion-content content1619204411271 \">\r\n                    <p style=\"text-align: center\"><span style=\"text-decoration: underline\"><strong><a href=\"http:\/\/aeaf.edu.pt\/wp-content\/uploads\/2025\/10\/referencial-avaliacao-EV-5o-e-6o.pdf\" target=\"_blank\" rel=\"noopener\">referencial avalia\u00e7\u00e3o EV 5\u00ba e 6\u00ba<\/a><\/strong><\/span><\/p>\r\n<p style=\"text-align: center\"><a href=\"http:\/\/aeaf.edu.pt\/wp-content\/uploads\/2025\/10\/referencial-avaliacao-ET-5o-e-6o.pdf\" target=\"_blank\" rel=\"noopener\"><span style=\"text-decoration: underline\"><strong>referencial avalia\u00e7\u00e3o ET 5\u00ba e 6\u00ba<\/strong><\/span><\/a><\/p>                <\/div>\r\n                        <div post_id=\"15635\" itemcount=\"6\" header_id=\"header-1607530959305\" id=\"header-1607530959305\" style=\"\" class=\"accordions-head head1607530959305 border-none\" toggle-text=\"\" main-text=\"Educa\u00e7\u00e3o Moral e Religiosa Cat\u00f3lica\">\r\n                                            <span id=\"accordion-icons-1607530959305\" class=\"accordion-icons\">\r\n                            <span class=\"accordion-icon-active accordion-plus\"><i class=\"fas fa-chevron-up\"><\/i><\/span>\r\n                            <span class=\"accordion-icon-inactive accordion-minus\"><i class=\"fas fa-chevron-right\"><\/i><\/span>\r\n                        <\/span>\r\n                        <span id=\"header-text-1607530959305\" class=\"accordions-head-title\">Educa\u00e7\u00e3o Moral e Religiosa Cat\u00f3lica<\/span>\r\n                                    <\/div>\r\n                <div class=\"accordion-content content1607530959305 \">\r\n                    <p style=\"text-align: center\"><a href=\"http:\/\/aeaf.edu.pt\/wp-content\/uploads\/2025\/10\/Criterios-de-Avaliacao-EMRC-2o-Ciclo.pdf\" target=\"_blank\" rel=\"noopener\"><span style=\"text-decoration: underline\"><strong>Crit\u00e9rios de Avalia\u00e7\u00e3o EMRC - 2\u00ba Ciclo<\/strong><\/span><\/a><\/p>                <\/div>\r\n                        <div post_id=\"15635\" itemcount=\"7\" header_id=\"header-1607531398686\" id=\"header-1607531398686\" style=\"\" class=\"accordions-head head1607531398686 border-none\" toggle-text=\"\" main-text=\"Hist\u00f3ria e Geografia de Portugal\">\r\n                                            <span id=\"accordion-icons-1607531398686\" class=\"accordion-icons\">\r\n                            <span class=\"accordion-icon-active accordion-plus\"><i class=\"fas fa-chevron-up\"><\/i><\/span>\r\n                            <span class=\"accordion-icon-inactive accordion-minus\"><i class=\"fas fa-chevron-right\"><\/i><\/span>\r\n                        <\/span>\r\n                        <span id=\"header-text-1607531398686\" class=\"accordions-head-title\">Hist\u00f3ria e Geografia de Portugal<\/span>\r\n                                    <\/div>\r\n                <div class=\"accordion-content content1607531398686 \">\r\n                    <p style=\"text-align: center\"><a href=\"http:\/\/aeaf.edu.pt\/wp-content\/uploads\/2025\/10\/2oCiclo_CRITERIOS-DE-AVALIACAO-HGP_2025-2026.pdf\" target=\"_blank\" rel=\"noopener\"><span style=\"text-decoration: underline\"><strong>2\u00baCiclo_CRITERIOS DE AVALIA\u00c7\u00c3O HGP_2025-2026<\/strong><\/span><\/a><\/p>                <\/div>\r\n                        <div post_id=\"15635\" itemcount=\"8\" header_id=\"header-1607531766448\" id=\"header-1607531766448\" style=\"\" class=\"accordions-head head1607531766448 border-none\" toggle-text=\"\" main-text=\"Inform\u00e1tica\">\r\n                                            <span id=\"accordion-icons-1607531766448\" class=\"accordion-icons\">\r\n                            <span class=\"accordion-icon-active accordion-plus\"><i class=\"fas fa-chevron-up\"><\/i><\/span>\r\n                            <span class=\"accordion-icon-inactive accordion-minus\"><i class=\"fas fa-chevron-right\"><\/i><\/span>\r\n                        <\/span>\r\n                        <span id=\"header-text-1607531766448\" class=\"accordions-head-title\">Inform\u00e1tica<\/span>\r\n                                    <\/div>\r\n                <div class=\"accordion-content content1607531766448 \">\r\n                    <p style=\"text-align: center\"><a href=\"http:\/\/aeaf.edu.pt\/wp-content\/uploads\/2025\/10\/CRITERIOS-DE-AVALIACAO-E-Basico-TIC-25-26.pdf\" target=\"_blank\" rel=\"noopener\"><span style=\"text-decoration: underline\"><strong>CRITERIOS DE AVALIA\u00c7AO E Basico TIC 25-26<\/strong><\/span><\/a><\/p>                <\/div>\r\n                        <div post_id=\"15635\" itemcount=\"9\" header_id=\"header-1607533338769\" id=\"header-1607533338769\" style=\"\" class=\"accordions-head head1607533338769 border-none\" toggle-text=\"\" main-text=\"Ingl\u00eas\">\r\n                                            <span id=\"accordion-icons-1607533338769\" class=\"accordion-icons\">\r\n                            <span class=\"accordion-icon-active accordion-plus\"><i class=\"fas fa-chevron-up\"><\/i><\/span>\r\n                            <span class=\"accordion-icon-inactive accordion-minus\"><i class=\"fas fa-chevron-right\"><\/i><\/span>\r\n                        <\/span>\r\n                        <span id=\"header-text-1607533338769\" class=\"accordions-head-title\">Ingl\u00eas<\/span>\r\n                                    <\/div>\r\n                <div class=\"accordion-content content1607533338769 \">\r\n                    <p style=\"text-align: center\"><a href=\"http:\/\/aeaf.edu.pt\/wp-content\/uploads\/2025\/10\/INGLES-2o-Ciclo-CRITERIOS-DE-AVALIACAO-2025-26.pdf\" target=\"_blank\" rel=\"noopener\"><span style=\"text-decoration: underline\"><strong>INGL\u00caS - 2\u00ba Ciclo - CRITERIOS DE AVALIA\u00c7\u00c3O 2025-26<\/strong><\/span><\/a><\/p>                <\/div>\r\n                        <div post_id=\"15635\" itemcount=\"10\" header_id=\"header-1607534488715\" id=\"header-1607534488715\" style=\"\" class=\"accordions-head head1607534488715 border-none\" toggle-text=\"\" main-text=\"Matem\u00e1tica\">\r\n                                            <span id=\"accordion-icons-1607534488715\" class=\"accordion-icons\">\r\n                            <span class=\"accordion-icon-active accordion-plus\"><i class=\"fas fa-chevron-up\"><\/i><\/span>\r\n                            <span class=\"accordion-icon-inactive accordion-minus\"><i class=\"fas fa-chevron-right\"><\/i><\/span>\r\n                        <\/span>\r\n                        <span id=\"header-text-1607534488715\" class=\"accordions-head-title\">Matem\u00e1tica<\/span>\r\n                                    <\/div>\r\n                <div class=\"accordion-content content1607534488715 \">\r\n                    <p style=\"text-align: center\"><a href=\"http:\/\/aeaf.edu.pt\/wp-content\/uploads\/2025\/10\/Criterios-Avaliacao_5o_6o_anos.pdf\"><span style=\"text-decoration: underline\"><strong>Crit\u00e9rios Avalia\u00e7\u00e3o_5\u00ba_6\u00ba_anos<\/strong><\/span><\/a><\/p>                <\/div>\r\n                        <div post_id=\"15635\" itemcount=\"11\" header_id=\"header-1607534921639\" id=\"header-1607534921639\" style=\"\" class=\"accordions-head head1607534921639 border-none\" toggle-text=\"\" main-text=\"Portugu\u00eas\">\r\n                                            <span id=\"accordion-icons-1607534921639\" class=\"accordion-icons\">\r\n                            <span class=\"accordion-icon-active accordion-plus\"><i class=\"fas fa-chevron-up\"><\/i><\/span>\r\n                            <span class=\"accordion-icon-inactive accordion-minus\"><i class=\"fas fa-chevron-right\"><\/i><\/span>\r\n                        <\/span>\r\n                        <span id=\"header-text-1607534921639\" class=\"accordions-head-title\">Portugu\u00eas<\/span>\r\n                                    <\/div>\r\n                <div class=\"accordion-content content1607534921639 \">\r\n                    <p style=\"text-align: center\"><a href=\"http:\/\/aeaf.edu.pt\/wp-content\/uploads\/2025\/10\/EB-2o-e-3o-CICLO-CRITERIOS-DE-AVALIACAO-DE-PORTUGUES-2025.26.pdf\" target=\"_blank\" rel=\"noopener\"><span style=\"text-decoration: underline\"><strong>EB 2\u00ba e 3\u00ba CICLO - CRITERIOS DE AVALIA\u00c7AO DE PORTUGU\u00caS 2025.26<\/strong><\/span><\/a><\/p>                <\/div>\r\n            <\/div>\r\n    <script>\r\n   (function($) {\r\n\r\n$(document).on(\"ready\",function(){\r\n            accordions_active_index_15635 = [];\r\n                })})(jQuery);\r\n    <\/script>    <script>\r\n        (function($) {\r\n\r\n$(document).on(\"ready\",function(){\r\n            accordion_15635 = $(\"#accordions-15635 .items\").accordion({\r\n                event: \"click\",\r\n                collapsible: true,\r\n                heightStyle: \"content\",\r\n                animate: (\"swing\", 1000),\r\n                navigation: true,\r\n                active: 999,\r\n                            });\r\n        })})(jQuery);\r\n    <\/script>\r\n                <\/div>\n\n\n\n<hr class=\"wp-block-separator\"\/>\n\n\n\n<p class=\"has-medium-font-size\"><strong>3\u00ba Ciclo:<\/strong><\/p>\n\n\n<div id=\"accordions-15691\" class=\"accordions-15691 accordions\">\r\n                <div id=\"accordions-lazy-15691\" class=\"accordions-lazy\">\r\n                    <\/div>\r\n        <script>\r\n            (function($) {\r\n                $(window).on(\"load\",function(){\r\n                    $('#accordions-lazy-15691').fadeOut();\r\n                    $('#accordions-15691 .items').fadeIn();\r\n                })\r\n        })(jQuery);\r\n        <\/script><style type='text\/css'>\r\n        @media only screen and (min-width: 1024px) {\r\n            #accordions-15691 {\r\n                width: 100%;\r\n                            }\r\n        }\r\n        @media only screen and (min-width: 768px) and (max-width: 1023px) {\r\n            #accordions-15691 {\r\n                width: 100%;\r\n                            }\r\n        }\r\n        @media only screen and (min-width: 0px) and (max-width: 767px) {\r\n            #accordions-15691 {\r\n                width: 100%;\r\n                            }\r\n        }\r\n        #accordions-15691 .items {\r\n            display: none;\r\n        }\r\n\r\n        #accordions-15691 .accordions-lazy {\r\n            text-align: center;\r\n            position: absolute;\r\n            top: 50%;\r\n            left: 50%;\r\n            transform: translate(-50%, -50%);\r\n        }\r\n\r\n        #accordions-15691 {\r\n            text-align: left;\r\n            background: #ffffff url() repeat scroll 0 0;\r\n            position: relative;\r\n        }\r\n\r\n        #accordions-15691 .accordions-head {\r\n            background: #bcbcbc none repeat scroll 0 0;\r\n            \r\n                        outline: none;\r\n        }\r\n\r\n        #accordions-15691 .accordions-head-title {\r\n            color: #000000;\r\n            font-size: 16px;\r\n                    }\r\n\r\n        #accordions-15691 .accordions-head-title-toggle {\r\n            color: #000000;\r\n            font-size: 16px;\r\n                    }\r\n\r\n        #accordions-15691 .accordions-head:hover .accordions-head-title {\r\n            color: #ffffff;\r\n                    }\r\n\r\n        #accordions-15691 .ui-state-active {\r\n            background: #bcbcbc;\r\n            border: none;\r\n        }\r\n\r\n        #accordions-15691 .accordion-content {\r\n            background: #ffffff none repeat scroll 0 0;\r\n            border: none;\r\n        }\r\n\r\n        #accordions-15691 .accordion-icons {\r\n            color: #000000;\r\n                    }\r\n\r\n        #accordions-15691 .accordions-head:hover .accordion-icons span {\r\n            color: #000000;\r\n                    }\r\n\r\n            <\/style>\r\n<div class=\"items\">\r\n                        <div post_id=\"15691\" itemcount=\"0\" header_id=\"header-1607524732056\" id=\"header-1607524732056\" style=\"\" class=\"accordions-head head1607524732056 border-none\" toggle-text=\"\" main-text=\"Ci\u00eancias Naturais\">\r\n                                            <span id=\"accordion-icons-1607524732056\" class=\"accordion-icons\">\r\n                            <span class=\"accordion-icon-active accordion-plus\"><i class=\"fas fa-chevron-up\"><\/i><\/span>\r\n                            <span class=\"accordion-icon-inactive accordion-minus\"><i class=\"fas fa-chevron-right\"><\/i><\/span>\r\n                        <\/span>\r\n                        <span id=\"header-text-1607524732056\" class=\"accordions-head-title\">Ci\u00eancias Naturais<\/span>\r\n                                    <\/div>\r\n                <div class=\"accordion-content content1607524732056 \">\r\n                    <p style=\"text-align: center\"><span style=\"text-decoration: underline\"><strong><a href=\"http:\/\/aeaf.edu.pt\/wp-content\/uploads\/2025\/10\/CRITERIOS-DE-AVALIACAO_Ciencias-Naturais_5o6o7o-8o-9o.pdf\" target=\"_blank\" rel=\"noopener\">CRITERIOS DE AVALIA\u00c7AO_Ci\u00eancias Naturais_5\u00ba,6\u00ba,7\u00ba, 8\u00ba, 9\u00ba<\/a><\/strong><\/span><\/p>                <\/div>\r\n                        <div post_id=\"15691\" itemcount=\"1\" header_id=\"header-1636051216816\" id=\"header-1636051216816\" style=\"\" class=\"accordions-head head1636051216816 border-none\" toggle-text=\"\" main-text=\"Cidadania e Desenvolvimento\">\r\n                                            <span id=\"accordion-icons-1636051216816\" class=\"accordion-icons\">\r\n                            <span class=\"accordion-icon-active accordion-plus\"><i class=\"fas fa-chevron-up\"><\/i><\/span>\r\n                            <span class=\"accordion-icon-inactive accordion-minus\"><i class=\"fas fa-chevron-right\"><\/i><\/span>\r\n                        <\/span>\r\n                        <span id=\"header-text-1636051216816\" class=\"accordions-head-title\">Cidadania e Desenvolvimento<\/span>\r\n                                    <\/div>\r\n                <div class=\"accordion-content content1636051216816 \">\r\n                    <p style=\"text-align: center\"><a href=\"http:\/\/aeaf.edu.pt\/wp-content\/uploads\/2025\/10\/2o-e-3o-Ciclos_CRITERIOS-DE-AVALIACAO-CD_2025-2026.pdf\" target=\"_blank\" rel=\"noopener\"><span style=\"text-decoration: underline\"><strong>2\u00ba e 3\u00ba Ciclos_CRITERIOS DE AVALIA\u00c7\u00c3O CD_2025-2026<\/strong><\/span><\/a><\/p>                <\/div>\r\n                        <div post_id=\"15691\" itemcount=\"2\" header_id=\"header-1607535332206\" id=\"header-1607535332206\" style=\"\" class=\"accordions-head head1607535332206 border-none\" toggle-text=\"\" main-text=\"Educa\u00e7\u00e3o Especial\">\r\n                                            <span id=\"accordion-icons-1607535332206\" class=\"accordion-icons\">\r\n                            <span class=\"accordion-icon-active accordion-plus\"><i class=\"fas fa-chevron-up\"><\/i><\/span>\r\n                            <span class=\"accordion-icon-inactive accordion-minus\"><i class=\"fas fa-chevron-right\"><\/i><\/span>\r\n                        <\/span>\r\n                        <span id=\"header-text-1607535332206\" class=\"accordions-head-title\">Educa\u00e7\u00e3o Especial<\/span>\r\n                                    <\/div>\r\n                <div class=\"accordion-content content1607535332206 \">\r\n                    <p style=\"text-align: center\"><a href=\"http:\/\/aeaf.edu.pt\/wp-content\/uploads\/2025\/11\/CRITERIOS-DE-AVALIACAO-Medidas-Adicionais-2025-2026.pdf\"><span style=\"text-decoration: underline\"><strong>CRIT\u00c9RIOS DE AVALIA\u00c7\u00c3O - Medidas Adicionais 2025-2026<\/strong><\/span><\/a><\/p>                <\/div>\r\n                        <div post_id=\"15691\" itemcount=\"3\" header_id=\"header-1607525086755\" id=\"header-1607525086755\" style=\"\" class=\"accordions-head head1607525086755 border-none\" toggle-text=\"\" main-text=\"Educa\u00e7\u00e3o F\u00edsica\">\r\n                                            <span id=\"accordion-icons-1607525086755\" class=\"accordion-icons\">\r\n                            <span class=\"accordion-icon-active accordion-plus\"><i class=\"fas fa-chevron-up\"><\/i><\/span>\r\n                            <span class=\"accordion-icon-inactive accordion-minus\"><i class=\"fas fa-chevron-right\"><\/i><\/span>\r\n                        <\/span>\r\n                        <span id=\"header-text-1607525086755\" class=\"accordions-head-title\">Educa\u00e7\u00e3o F\u00edsica<\/span>\r\n                                    <\/div>\r\n                <div class=\"accordion-content content1607525086755 \">\r\n                    <p style=\"text-align: center\"><span style=\"text-decoration: underline\"><strong><a href=\"http:\/\/aeaf.edu.pt\/wp-content\/uploads\/2025\/10\/CRITERIOS-DE-AVALIACAO-ED-FISICA-25-26-3o-CEB.pdf\" target=\"_blank\" rel=\"noopener\">CRITERIOS DE AVALIA\u00c7AO ED FISICA 25 26 3\u00ba CEB<\/a> <\/strong><\/span><\/p>\r\n<p style=\"text-align: center\"><span style=\"text-decoration: underline\"><strong><a href=\"http:\/\/aeaf.edu.pt\/wp-content\/uploads\/2025\/10\/CRITERIOS-DE-AVALIACAO-ED-FISICA-25-26_Basico_Atestado-Medico.docx\" target=\"_blank\" rel=\"noopener\">CRITERIOS DE AVALIA\u00c7AO ED FISICA 25 26_B\u00e1sico_Atestado M\u00e9dico<\/a><\/strong><\/span><\/p>                <\/div>\r\n                        <div post_id=\"15691\" itemcount=\"4\" header_id=\"header-1607525484794\" id=\"header-1607525484794\" style=\"\" class=\"accordions-head head1607525484794 border-none\" toggle-text=\"\" main-text=\"Educa\u00e7\u00e3o Musical\">\r\n                                            <span id=\"accordion-icons-1607525484794\" class=\"accordion-icons\">\r\n                            <span class=\"accordion-icon-active accordion-plus\"><i class=\"fas fa-chevron-up\"><\/i><\/span>\r\n                            <span class=\"accordion-icon-inactive accordion-minus\"><i class=\"fas fa-chevron-right\"><\/i><\/span>\r\n                        <\/span>\r\n                        <span id=\"header-text-1607525484794\" class=\"accordions-head-title\">Educa\u00e7\u00e3o Musical<\/span>\r\n                                    <\/div>\r\n                <div class=\"accordion-content content1607525484794 \">\r\n                    <p style=\"text-align: center\"><span style=\"text-decoration: underline\"><strong><a href=\"http:\/\/aeaf.edu.pt\/wp-content\/uploads\/2025\/10\/GRELHA-DOS-CRITERIOS-DE-AVALIACAO-POR-DISCIPLINA_EM-25-26.pdf\" target=\"_blank\" rel=\"noopener\">GRELHA DOS CRITERIOS DE AVALIA\u00c7AO POR DISCIPLINA_EM 25-26<\/a><\/strong><\/span><\/p>                <\/div>\r\n                        <div post_id=\"15691\" itemcount=\"5\" header_id=\"header-1619204411271\" id=\"header-1619204411271\" style=\"\" class=\"accordions-head head1619204411271 border-none\" toggle-text=\"\" main-text=\"Educa\u00e7\u00e3o Tecnol\u00f3gica &amp; Educa\u00e7\u00e3o Visual\">\r\n                                            <span id=\"accordion-icons-1619204411271\" class=\"accordion-icons\">\r\n                            <span class=\"accordion-icon-active accordion-plus\"><i class=\"fas fa-chevron-up\"><\/i><\/span>\r\n                            <span class=\"accordion-icon-inactive accordion-minus\"><i class=\"fas fa-chevron-right\"><\/i><\/span>\r\n                        <\/span>\r\n                        <span id=\"header-text-1619204411271\" class=\"accordions-head-title\">Educa\u00e7\u00e3o Tecnol\u00f3gica &amp; Educa\u00e7\u00e3o Visual<\/span>\r\n                                    <\/div>\r\n                <div class=\"accordion-content content1619204411271 \">\r\n                    <p style=\"text-align: center\"><a href=\"http:\/\/aeaf.edu.pt\/wp-content\/uploads\/2025\/10\/referencial-avaliacao-ET-7o8o9o-novo.pdf\" target=\"_blank\" rel=\"noopener\"><span style=\"text-decoration: underline\"><strong>referencial avaliacao ET-7\u00ba,8\u00ba,9\u00ba-novo<\/strong><\/span><\/a><\/p>\r\n<p style=\"text-align: center\"><span style=\"text-decoration: underline\"><strong><a href=\"http:\/\/aeaf.edu.pt\/wp-content\/uploads\/2025\/10\/ED.VISUAL_Crit-Aval_2025.26.pdf\" target=\"_blank\" rel=\"noopener\">ED.VISUAL_Crit-Aval_2025.26<\/a><\/strong><\/span><\/p>\r\n<p style=\"text-align: center\"><a href=\"http:\/\/aeaf.edu.pt\/wp-content\/uploads\/2025\/10\/ED.VISUAL_Crit-Aval_DL54_2025.26.pdf\"><span style=\"text-decoration: underline\"><strong>ED.VISUAL_Crit-Aval_DL54_2025.26<\/strong><\/span><\/a><\/p>                <\/div>\r\n                        <div post_id=\"15691\" itemcount=\"6\" header_id=\"header-1607530959305\" id=\"header-1607530959305\" style=\"\" class=\"accordions-head head1607530959305 border-none\" toggle-text=\"\" main-text=\"Educa\u00e7\u00e3o Moral e Religiosa Cat\u00f3lica\">\r\n                                            <span id=\"accordion-icons-1607530959305\" class=\"accordion-icons\">\r\n                            <span class=\"accordion-icon-active accordion-plus\"><i class=\"fas fa-chevron-up\"><\/i><\/span>\r\n                            <span class=\"accordion-icon-inactive accordion-minus\"><i class=\"fas fa-chevron-right\"><\/i><\/span>\r\n                        <\/span>\r\n                        <span id=\"header-text-1607530959305\" class=\"accordions-head-title\">Educa\u00e7\u00e3o Moral e Religiosa Cat\u00f3lica<\/span>\r\n                                    <\/div>\r\n                <div class=\"accordion-content content1607530959305 \">\r\n                    <p style=\"text-align: center\"><span style=\"text-decoration: underline\"><strong><a href=\"http:\/\/aeaf.edu.pt\/wp-content\/uploads\/2025\/10\/Criterios-de-Avaliacao-EMRC-3o-Ciclo.pdf\" target=\"_blank\" rel=\"noopener\">Crit\u00e9rios de Avalia\u00e7\u00e3o EMRC - 3\u00ba Ciclo<\/a><\/strong><\/span><\/p>                <\/div>\r\n                        <div post_id=\"15691\" itemcount=\"7\" header_id=\"header-1767621519699\" id=\"header-1767621519699\" style=\"\" class=\"accordions-head head1767621519699 border-none\" toggle-text=\"\" main-text=\"Franc\u00eas e Espanhol\">\r\n                                            <span id=\"accordion-icons-1767621519699\" class=\"accordion-icons\">\r\n                            <span class=\"accordion-icon-active accordion-plus\"><i class=\"fas fa-chevron-up\"><\/i><\/span>\r\n                            <span class=\"accordion-icon-inactive accordion-minus\"><i class=\"fas fa-chevron-right\"><\/i><\/span>\r\n                        <\/span>\r\n                        <span id=\"header-text-1767621519699\" class=\"accordions-head-title\">Franc\u00eas e Espanhol<\/span>\r\n                                    <\/div>\r\n                <div class=\"accordion-content content1767621519699 \">\r\n                    <p style=\"text-align: center\"><a href=\"http:\/\/aeaf.edu.pt\/wp-content\/uploads\/2026\/01\/CRITERIOS-DE-AVALIACAO-Frances-e-Espanhol-Basico.pdf\"><span style=\"text-decoration: underline\"><strong>CRITERIOS DE AVALIA\u00c7AO Franc\u00eas e Espanhol B\u00e1sico<\/strong><\/span><\/a><\/p>                <\/div>\r\n                        <div post_id=\"15691\" itemcount=\"8\" header_id=\"header-1607531398686\" id=\"header-1607531398686\" style=\"\" class=\"accordions-head head1607531398686 border-none\" toggle-text=\"\" main-text=\"Hist\u00f3ria\">\r\n                                            <span id=\"accordion-icons-1607531398686\" class=\"accordion-icons\">\r\n                            <span class=\"accordion-icon-active accordion-plus\"><i class=\"fas fa-chevron-up\"><\/i><\/span>\r\n                            <span class=\"accordion-icon-inactive accordion-minus\"><i class=\"fas fa-chevron-right\"><\/i><\/span>\r\n                        <\/span>\r\n                        <span id=\"header-text-1607531398686\" class=\"accordions-head-title\">Hist\u00f3ria<\/span>\r\n                                    <\/div>\r\n                <div class=\"accordion-content content1607531398686 \">\r\n                    <p style=\"text-align: center\"><a href=\"http:\/\/aeaf.edu.pt\/wp-content\/uploads\/2025\/10\/Crit.-Avaliacao-3o-Ciclo-Historia.pdf\" target=\"_blank\" rel=\"noopener\"><span style=\"text-decoration: underline\"><strong>Crit. Avalia\u00e7\u00e3o 3\u00ba Ciclo (Hist\u00f3ria)<\/strong><\/span><\/a><\/p>                <\/div>\r\n                        <div post_id=\"15691\" itemcount=\"9\" header_id=\"header-1761499341183\" id=\"header-1761499341183\" style=\"\" class=\"accordions-head head1761499341183 border-none\" toggle-text=\"\" main-text=\"Geografia\">\r\n                                            <span id=\"accordion-icons-1761499341183\" class=\"accordion-icons\">\r\n                            <span class=\"accordion-icon-active accordion-plus\"><i class=\"fas fa-chevron-up\"><\/i><\/span>\r\n                            <span class=\"accordion-icon-inactive accordion-minus\"><i class=\"fas fa-chevron-right\"><\/i><\/span>\r\n                        <\/span>\r\n                        <span id=\"header-text-1761499341183\" class=\"accordions-head-title\">Geografia<\/span>\r\n                                    <\/div>\r\n                <div class=\"accordion-content content1761499341183 \">\r\n                    <p style=\"text-align: center\"><a href=\"http:\/\/aeaf.edu.pt\/wp-content\/uploads\/2025\/10\/Criterios-Avaliacao-GEOGRAFIA_3o-ciclo_2025-2026.pdf\" target=\"_blank\" rel=\"noopener\"><span style=\"text-decoration: underline\"><strong>Crit\u00e9rios Avalia\u00e7\u00e3o GEOGRAFIA_3\u00ba ciclo_2025-2026<\/strong><\/span><\/a><\/p>                <\/div>\r\n                        <div post_id=\"15691\" itemcount=\"10\" header_id=\"header-1607531766448\" id=\"header-1607531766448\" style=\"\" class=\"accordions-head head1607531766448 border-none\" toggle-text=\"\" main-text=\"Inform\u00e1tica\">\r\n                                            <span id=\"accordion-icons-1607531766448\" class=\"accordion-icons\">\r\n                            <span class=\"accordion-icon-active accordion-plus\"><i class=\"fas fa-chevron-up\"><\/i><\/span>\r\n                            <span class=\"accordion-icon-inactive accordion-minus\"><i class=\"fas fa-chevron-right\"><\/i><\/span>\r\n                        <\/span>\r\n                        <span id=\"header-text-1607531766448\" class=\"accordions-head-title\">Inform\u00e1tica<\/span>\r\n                                    <\/div>\r\n                <div class=\"accordion-content content1607531766448 \">\r\n                    <p style=\"text-align: center\"><a href=\"http:\/\/aeaf.edu.pt\/wp-content\/uploads\/2025\/10\/CRITERIOS-DE-AVALIACAO-E-Basico-TIC-25-26.pdf\" target=\"_blank\" rel=\"noopener\"><span style=\"text-decoration: underline\"><strong>CRITERIOS DE AVALIA\u00c7AO E Basico TIC 25-26<\/strong><\/span><\/a><\/p>                <\/div>\r\n                        <div post_id=\"15691\" itemcount=\"11\" header_id=\"header-1607533338769\" id=\"header-1607533338769\" style=\"\" class=\"accordions-head head1607533338769 border-none\" toggle-text=\"\" main-text=\"Ingl\u00eas\">\r\n                                            <span id=\"accordion-icons-1607533338769\" class=\"accordion-icons\">\r\n                            <span class=\"accordion-icon-active accordion-plus\"><i class=\"fas fa-chevron-up\"><\/i><\/span>\r\n                            <span class=\"accordion-icon-inactive accordion-minus\"><i class=\"fas fa-chevron-right\"><\/i><\/span>\r\n                        <\/span>\r\n                        <span id=\"header-text-1607533338769\" class=\"accordions-head-title\">Ingl\u00eas<\/span>\r\n                                    <\/div>\r\n                <div class=\"accordion-content content1607533338769 \">\r\n                    <p style=\"text-align: center\"><span style=\"text-decoration: underline\"><strong><a href=\"http:\/\/aeaf.edu.pt\/wp-content\/uploads\/2025\/10\/INGLES-3o-ciclo-CRITERIOS-DE-AVALIACAO-2025-26.pdf\" target=\"_blank\" rel=\"noopener\">INGL\u00caS - 3\u00ba ciclo - CRITERIOS DE AVALIA\u00c7\u00c3O 2025-26<\/a><\/strong><\/span><\/p>                <\/div>\r\n                        <div post_id=\"15691\" itemcount=\"12\" header_id=\"header-1607534488715\" id=\"header-1607534488715\" style=\"\" class=\"accordions-head head1607534488715 border-none\" toggle-text=\"\" main-text=\"Matem\u00e1tica\">\r\n                                            <span id=\"accordion-icons-1607534488715\" class=\"accordion-icons\">\r\n                            <span class=\"accordion-icon-active accordion-plus\"><i class=\"fas fa-chevron-up\"><\/i><\/span>\r\n                            <span class=\"accordion-icon-inactive accordion-minus\"><i class=\"fas fa-chevron-right\"><\/i><\/span>\r\n                        <\/span>\r\n                        <span id=\"header-text-1607534488715\" class=\"accordions-head-title\">Matem\u00e1tica<\/span>\r\n                                    <\/div>\r\n                <div class=\"accordion-content content1607534488715 \">\r\n                    <p style=\"text-align: center\"><a href=\"http:\/\/aeaf.edu.pt\/wp-content\/uploads\/2025\/10\/Criterios-Avaliacao-7o_8o_9o_anos.pdf\" target=\"_blank\" rel=\"noopener\"><span style=\"text-decoration: underline\"><strong>Crit\u00e9rios Avalia\u00e7\u00e3o 7\u00ba_8\u00ba_9\u00ba_anos<\/strong><\/span><\/a><\/p>                <\/div>\r\n                        <div post_id=\"15691\" itemcount=\"13\" header_id=\"header-1607534921639\" id=\"header-1607534921639\" style=\"\" class=\"accordions-head head1607534921639 border-none\" toggle-text=\"\" main-text=\"Portugu\u00eas\">\r\n                                            <span id=\"accordion-icons-1607534921639\" class=\"accordion-icons\">\r\n                            <span class=\"accordion-icon-active accordion-plus\"><i class=\"fas fa-chevron-up\"><\/i><\/span>\r\n                            <span class=\"accordion-icon-inactive accordion-minus\"><i class=\"fas fa-chevron-right\"><\/i><\/span>\r\n                        <\/span>\r\n                        <span id=\"header-text-1607534921639\" class=\"accordions-head-title\">Portugu\u00eas<\/span>\r\n                                    <\/div>\r\n                <div class=\"accordion-content content1607534921639 \">\r\n                    <p style=\"text-align: center\"><a href=\"http:\/\/aeaf.edu.pt\/wp-content\/uploads\/2025\/10\/EB-2o-e-3o-CICLO-CRITERIOS-DE-AVALIACAO-DE-PORTUGUES-2025.26.pdf\" target=\"_blank\" rel=\"noopener\"><span style=\"text-decoration: underline\"><strong>EB 2\u00ba e 3\u00ba CICLO - CRITERIOS DE AVALIA\u00c7AO DE PORTUGU\u00caS 2025.26<\/strong><\/span><\/a><\/p>\r\n<p style=\"text-align: center\"><span style=\"text-decoration: underline\"><strong><a href=\"http:\/\/aeaf.edu.pt\/wp-content\/uploads\/2025\/10\/PLNM-A2-CRITERIOS-DE-AVALIACAO-DE-PORTUGUES-2025.26-1.pdf\" target=\"_blank\" rel=\"noopener\">PLNM A2 CRITERIOS DE AVALIA\u00c7AO DE PORTUGU\u00caS 2025.26<\/a> <\/strong><\/span><\/p>\r\n<p style=\"text-align: center\"><span style=\"text-decoration: underline\"><strong><a href=\"http:\/\/aeaf.edu.pt\/wp-content\/uploads\/2025\/10\/PLNM-B1-CRITERIOS-DE-AVALIACAO-DE-PORTUGUES-2025-26-1.pdf\" target=\"_blank\" rel=\"noopener\">PLNM B1 CRITERIOS DE AVALIA\u00c7AO DE PORTUGU\u00caS 2025-26<\/a> <\/strong><\/span><\/p>\r\n<p style=\"text-align: center\"><span style=\"text-decoration: underline\"><strong><a href=\"http:\/\/aeaf.edu.pt\/wp-content\/uploads\/2025\/10\/PLNM-A1-CRITERIOS-DE-AVALIACAO-DE-PORTUGUES-2025-26-1.pdf\" target=\"_blank\" rel=\"noopener\">PLNM A1 CRITERIOS DE AVALIA\u00c7AO DE PORTUGU\u00caS 2025-26<\/a><\/strong><\/span><\/p>                <\/div>\r\n            <\/div>\r\n    <script>\r\n   (function($) {\r\n\r\n$(document).on(\"ready\",function(){\r\n            accordions_active_index_15691 = [];\r\n                })})(jQuery);\r\n    <\/script>    <script>\r\n        (function($) {\r\n\r\n$(document).on(\"ready\",function(){\r\n            accordion_15691 = $(\"#accordions-15691 .items\").accordion({\r\n                event: \"click\",\r\n                collapsible: true,\r\n                heightStyle: \"content\",\r\n                animate: (\"swing\", 1000),\r\n                navigation: true,\r\n                active: 999,\r\n                            });\r\n        })})(jQuery);\r\n    <\/script>\r\n                <\/div>\n\n\n\n<hr class=\"wp-block-separator\"\/>\n\n\n\n<p class=\"has-medium-font-size\"><strong>Ensino Secund\u00e1rio Cursos C<em>ientifico<\/em>-H<em>uman\u00edsticos<\/em>:<\/strong><\/p>\n\n\n<div id=\"accordions-15637\" class=\"accordions-15637 accordions\">\r\n                <div id=\"accordions-lazy-15637\" class=\"accordions-lazy\">\r\n                    <\/div>\r\n        <script>\r\n            (function($) {\r\n                $(window).on(\"load\",function(){\r\n                    $('#accordions-lazy-15637').fadeOut();\r\n                    $('#accordions-15637 .items').fadeIn();\r\n                })\r\n        })(jQuery);\r\n        <\/script><style type='text\/css'>\r\n        @media only screen and (min-width: 1024px) {\r\n            #accordions-15637 {\r\n                width: 100%;\r\n                            }\r\n        }\r\n        @media only screen and (min-width: 768px) and (max-width: 1023px) {\r\n            #accordions-15637 {\r\n                width: 100%;\r\n                            }\r\n        }\r\n        @media only screen and (min-width: 0px) and (max-width: 767px) {\r\n            #accordions-15637 {\r\n                width: 100%;\r\n                            }\r\n        }\r\n        #accordions-15637 .items {\r\n            display: none;\r\n        }\r\n\r\n        #accordions-15637 .accordions-lazy {\r\n            text-align: center;\r\n            position: absolute;\r\n            top: 50%;\r\n            left: 50%;\r\n            transform: translate(-50%, -50%);\r\n        }\r\n\r\n        #accordions-15637 {\r\n            text-align: left;\r\n            background: #ffffff url() repeat scroll 0 0;\r\n            position: relative;\r\n        }\r\n\r\n        #accordions-15637 .accordions-head {\r\n            background: #bcbcbc none repeat scroll 0 0;\r\n            \r\n                        outline: none;\r\n        }\r\n\r\n        #accordions-15637 .accordions-head-title {\r\n            color: #000000;\r\n            font-size: 16px;\r\n                    }\r\n\r\n        #accordions-15637 .accordions-head-title-toggle {\r\n            color: #000000;\r\n            font-size: 16px;\r\n                    }\r\n\r\n        #accordions-15637 .accordions-head:hover .accordions-head-title {\r\n            color: #ffffff;\r\n                    }\r\n\r\n        #accordions-15637 .ui-state-active {\r\n            background: #bcbcbc;\r\n            border: none;\r\n        }\r\n\r\n        #accordions-15637 .accordion-content {\r\n            background: #ffffff none repeat scroll 0 0;\r\n            border: none;\r\n        }\r\n\r\n        #accordions-15637 .accordion-icons {\r\n            color: #000000;\r\n                    }\r\n\r\n        #accordions-15637 .accordions-head:hover .accordion-icons span {\r\n            color: #000000;\r\n                    }\r\n\r\n            <\/style>\r\n<div class=\"items\">\r\n                        <div post_id=\"15637\" itemcount=\"0\" header_id=\"header-1607524514416\" id=\"header-1607524514416\" style=\"\" class=\"accordions-head head1607524514416 border-none\" toggle-text=\"\" main-text=\"Artes Visuais\">\r\n                                            <span id=\"accordion-icons-1607524514416\" class=\"accordion-icons\">\r\n                            <span class=\"accordion-icon-active accordion-plus\"><i class=\"fas fa-chevron-up\"><\/i><\/span>\r\n                            <span class=\"accordion-icon-inactive accordion-minus\"><i class=\"fas fa-chevron-right\"><\/i><\/span>\r\n                        <\/span>\r\n                        <span id=\"header-text-1607524514416\" class=\"accordions-head-title\">Artes Visuais<\/span>\r\n                                    <\/div>\r\n                <div class=\"accordion-content content1607524514416 \">\r\n                    <p style=\"text-align: center\"><a href=\"http:\/\/aeaf.edu.pt\/wp-content\/uploads\/2025\/10\/GD-A_CA.pdf\" target=\"_blank\" rel=\"noopener\"><span style=\"text-decoration: underline\"><strong>GD-A_CA<\/strong><\/span><\/a><\/p>\r\n<p style=\"text-align: center\"><span style=\"text-decoration: underline\"><strong><a href=\"http:\/\/aeaf.edu.pt\/wp-content\/uploads\/2025\/10\/OFICINA-DE-ARTES_Criterios-Av_2025-26.pdf\" target=\"_blank\" rel=\"noopener\">OFICINA DE ARTES_Criterios Av_2025-26<\/a> <\/strong><\/span><\/p>\r\n<p style=\"text-align: center\"><span style=\"text-decoration: underline\"><strong><a href=\"http:\/\/aeaf.edu.pt\/wp-content\/uploads\/2025\/10\/OM_Criterios-Avaliacao-25_26-.pdf\" target=\"_blank\" rel=\"noopener\">OM_Criterios Avalia\u00e7\u00e3o 25_26<\/a> <\/strong><\/span><\/p>\r\n<p style=\"text-align: center\"><span style=\"text-decoration: underline\"><strong><a href=\"http:\/\/aeaf.edu.pt\/wp-content\/uploads\/2025\/10\/Desenho-A-Criterios-de-Avaliacao.pdf\" target=\"_blank\" rel=\"noopener\">Desenho A Crit\u00e9rios de Avalia\u00e7\u00e3o<\/a> <\/strong><\/span><\/p>\r\n<p style=\"text-align: center\"><span style=\"text-decoration: underline\"><strong><a href=\"http:\/\/aeaf.edu.pt\/wp-content\/uploads\/2025\/10\/Desenho-A-DL54-Crierios-de-Avaliacao.pdf\" target=\"_blank\" rel=\"noopener\">Desenho A DL54 Cri\u00e9rios de Avalia\u00e7\u00e3o<\/a><\/strong><\/span><\/p>                <\/div>\r\n                        <div post_id=\"15637\" itemcount=\"1\" header_id=\"header-1607524732056\" id=\"header-1607524732056\" style=\"\" class=\"accordions-head head1607524732056 border-none\" toggle-text=\"\" main-text=\"Biologia e Geologia\">\r\n                                            <span id=\"accordion-icons-1607524732056\" class=\"accordion-icons\">\r\n                            <span class=\"accordion-icon-active accordion-plus\"><i class=\"fas fa-chevron-up\"><\/i><\/span>\r\n                            <span class=\"accordion-icon-inactive accordion-minus\"><i class=\"fas fa-chevron-right\"><\/i><\/span>\r\n                        <\/span>\r\n                        <span id=\"header-text-1607524732056\" class=\"accordions-head-title\">Biologia e Geologia<\/span>\r\n                                    <\/div>\r\n                <div class=\"accordion-content content1607524732056 \">\r\n                    <p style=\"text-align: center\"><a href=\"http:\/\/aeaf.edu.pt\/wp-content\/uploads\/2025\/10\/CRITERIOS-DE-AVALIACAO-_BG_10o-11o-12o.pdf\" target=\"_blank\" rel=\"noopener\"><span style=\"text-decoration: underline\"><strong>CRITERIOS DE AVALIA\u00c7AO _BG_10\u00ba 11\u00ba 12\u00ba<\/strong><\/span><\/a><\/p>                <\/div>\r\n                        <div post_id=\"15637\" itemcount=\"2\" header_id=\"header-1636051216816\" id=\"header-1636051216816\" style=\"\" class=\"accordions-head head1636051216816 border-none\" toggle-text=\"\" main-text=\"Cidadania e Desenvolvimento\">\r\n                                            <span id=\"accordion-icons-1636051216816\" class=\"accordion-icons\">\r\n                            <span class=\"accordion-icon-active accordion-plus\"><i class=\"fas fa-chevron-up\"><\/i><\/span>\r\n                            <span class=\"accordion-icon-inactive accordion-minus\"><i class=\"fas fa-chevron-right\"><\/i><\/span>\r\n                        <\/span>\r\n                        <span id=\"header-text-1636051216816\" class=\"accordions-head-title\">Cidadania e Desenvolvimento<\/span>\r\n                                    <\/div>\r\n                <div class=\"accordion-content content1636051216816 \">\r\n                    <p style=\"text-align: center\"><a href=\"http:\/\/aeaf.edu.pt\/wp-content\/uploads\/2025\/10\/E-Secundario_CRITERIOS-DE-AVALIACAO-CD_2025-2026.pdf\" target=\"_blank\" rel=\"noopener\"><span style=\"text-decoration: underline\"><strong>E Secund\u00e1rio_CRITERIOS DE AVALIA\u00c7\u00c3O CD_2025-2026<\/strong><\/span><\/a><\/p>                <\/div>\r\n                        <div post_id=\"15637\" itemcount=\"3\" header_id=\"header-1607524877510\" id=\"header-1607524877510\" style=\"\" class=\"accordions-head head1607524877510 border-none\" toggle-text=\"\" main-text=\"Economia\">\r\n                                            <span id=\"accordion-icons-1607524877510\" class=\"accordion-icons\">\r\n                            <span class=\"accordion-icon-active accordion-plus\"><i class=\"fas fa-chevron-up\"><\/i><\/span>\r\n                            <span class=\"accordion-icon-inactive accordion-minus\"><i class=\"fas fa-chevron-right\"><\/i><\/span>\r\n                        <\/span>\r\n                        <span id=\"header-text-1607524877510\" class=\"accordions-head-title\">Economia<\/span>\r\n                                    <\/div>\r\n                <div class=\"accordion-content content1607524877510 \">\r\n                    <p style=\"text-align: center\"><a href=\"http:\/\/aeaf.edu.pt\/wp-content\/uploads\/2025\/10\/CRITERIOS-DE-AVALIACAO-ECONOMIA-A-2025-26.pdf\" target=\"_blank\" rel=\"noopener\"><span style=\"text-decoration: underline\"><strong>CRITERIOS DE AVALIA\u00c7AO ECONOMIA A 2025-26<\/strong><\/span><\/a><\/p>\r\n<p style=\"text-align: center\"><span style=\"text-decoration: underline\"><strong> <a href=\"http:\/\/aeaf.edu.pt\/wp-content\/uploads\/2025\/10\/CRITERIOS-DE-AVALIACAO-ECONOMIA-C-2025-26.pdf\" target=\"_blank\" rel=\"noopener\">CRITERIOS DE AVALIA\u00c7AO ECONOMIA C 2025-26<\/a><\/strong><\/span><\/p>                <\/div>\r\n                        <div post_id=\"15637\" itemcount=\"4\" header_id=\"header-1607535332206\" id=\"header-1607535332206\" style=\"\" class=\"accordions-head head1607535332206 border-none\" toggle-text=\"\" main-text=\"Educa\u00e7\u00e3o Especial\">\r\n                                            <span id=\"accordion-icons-1607535332206\" class=\"accordion-icons\">\r\n                            <span class=\"accordion-icon-active accordion-plus\"><i class=\"fas fa-chevron-up\"><\/i><\/span>\r\n                            <span class=\"accordion-icon-inactive accordion-minus\"><i class=\"fas fa-chevron-right\"><\/i><\/span>\r\n                        <\/span>\r\n                        <span id=\"header-text-1607535332206\" class=\"accordions-head-title\">Educa\u00e7\u00e3o Especial<\/span>\r\n                                    <\/div>\r\n                <div class=\"accordion-content content1607535332206 \">\r\n                    <p style=\"text-align: center\"><a href=\"http:\/\/aeaf.edu.pt\/wp-content\/uploads\/2025\/11\/CRITERIOS-DE-AVALIACAO-Medidas-Adicionais-2025-2026.pdf\"><span style=\"text-decoration: underline\"><strong>CRIT\u00c9RIOS DE AVALIA\u00c7\u00c3O - Medidas Adicionais 2025-2026<\/strong><\/span><\/a><\/p>                <\/div>\r\n                        <div post_id=\"15637\" itemcount=\"5\" header_id=\"header-1607525086755\" id=\"header-1607525086755\" style=\"\" class=\"accordions-head head1607525086755 border-none\" toggle-text=\"\" main-text=\"Educa\u00e7\u00e3o F\u00edsica\">\r\n                                            <span id=\"accordion-icons-1607525086755\" class=\"accordion-icons\">\r\n                            <span class=\"accordion-icon-active accordion-plus\"><i class=\"fas fa-chevron-up\"><\/i><\/span>\r\n                            <span class=\"accordion-icon-inactive accordion-minus\"><i class=\"fas fa-chevron-right\"><\/i><\/span>\r\n                        <\/span>\r\n                        <span id=\"header-text-1607525086755\" class=\"accordions-head-title\">Educa\u00e7\u00e3o F\u00edsica<\/span>\r\n                                    <\/div>\r\n                <div class=\"accordion-content content1607525086755 \">\r\n                    <p style=\"text-align: center\"><span style=\"text-decoration: underline\"><strong><a href=\"http:\/\/aeaf.edu.pt\/wp-content\/uploads\/2025\/10\/CRITERIOS-DE-AVALIACAO-ED-FISICA-25-26-Secundario.pdf\" target=\"_blank\" rel=\"noopener\">CRITERIOS DE AVALIA\u00c7AO ED FISICA 25 26 Secund\u00e1rio<\/a><\/strong><\/span><\/p>\r\n<p style=\"text-align: center\"><a href=\"http:\/\/aeaf.edu.pt\/wp-content\/uploads\/2025\/10\/CRITERIOS-DE-AVALIACAO-ED-FISICA-_-Secundario_25-26_Atestado-Medico.pdf\" target=\"_blank\" rel=\"noopener\"><span style=\"text-decoration: underline\"><strong>CRITERIOS DE AVALIA\u00c7AO ED FISICA _ Secund\u00e1rio_25 26_Atestado M\u00e9dico<\/strong><\/span><\/a><\/p>                <\/div>\r\n                        <div post_id=\"15637\" itemcount=\"6\" header_id=\"header-1607530959305\" id=\"header-1607530959305\" style=\"\" class=\"accordions-head head1607530959305 border-none\" toggle-text=\"\" main-text=\"Educa\u00e7\u00e3o Moral e Religiosa Cat\u00f3lica\">\r\n                                            <span id=\"accordion-icons-1607530959305\" class=\"accordion-icons\">\r\n                            <span class=\"accordion-icon-active accordion-plus\"><i class=\"fas fa-chevron-up\"><\/i><\/span>\r\n                            <span class=\"accordion-icon-inactive accordion-minus\"><i class=\"fas fa-chevron-right\"><\/i><\/span>\r\n                        <\/span>\r\n                        <span id=\"header-text-1607530959305\" class=\"accordions-head-title\">Educa\u00e7\u00e3o Moral e Religiosa Cat\u00f3lica<\/span>\r\n                                    <\/div>\r\n                <div class=\"accordion-content content1607530959305 \">\r\n                    <p style=\"text-align: center\"><a href=\"http:\/\/aeaf.edu.pt\/wp-content\/uploads\/2025\/10\/Criterios-de-Avaliacao-EMRC-Secundario.pdf\" target=\"_blank\" rel=\"noopener\"><span style=\"text-decoration: underline\"><strong>Crit\u00e9rios de Avalia\u00e7\u00e3o EMRC - Secund\u00e1rio<\/strong><\/span><\/a><\/p>                <\/div>\r\n                        <div post_id=\"15637\" itemcount=\"7\" header_id=\"header-1607531059802\" id=\"header-1607531059802\" style=\"\" class=\"accordions-head head1607531059802 border-none\" toggle-text=\"\" main-text=\"Filosofia, Sociologia e Psicologia\">\r\n                                            <span id=\"accordion-icons-1607531059802\" class=\"accordion-icons\">\r\n                            <span class=\"accordion-icon-active accordion-plus\"><i class=\"fas fa-chevron-up\"><\/i><\/span>\r\n                            <span class=\"accordion-icon-inactive accordion-minus\"><i class=\"fas fa-chevron-right\"><\/i><\/span>\r\n                        <\/span>\r\n                        <span id=\"header-text-1607531059802\" class=\"accordions-head-title\">Filosofia, Sociologia e Psicologia<\/span>\r\n                                    <\/div>\r\n                <div class=\"accordion-content content1607531059802 \">\r\n                    <p style=\"text-align: center\"><span style=\"text-decoration: underline\"><strong><a href=\"http:\/\/aeaf.edu.pt\/wp-content\/uploads\/2025\/10\/Criterios-de-Avaliacao-Filos_25-26.pdf\" target=\"_blank\" rel=\"noopener\">Crit\u00e9rios de Avalia\u00e7\u00e3o Filos_25-26<\/a> <\/strong><\/span><\/p>\r\n<p style=\"text-align: center\"><span style=\"text-decoration: underline\"><strong><a href=\"http:\/\/aeaf.edu.pt\/wp-content\/uploads\/2025\/10\/Criterios-de-Avaliacao-PSI_25-26.pdf\" target=\"_blank\" rel=\"noopener\">Crit\u00e9rios de Avalia\u00e7\u00e3o PSI_25-26<\/a><\/strong><\/span><\/p>                <\/div>\r\n                        <div post_id=\"15637\" itemcount=\"8\" header_id=\"header-1607531108388\" id=\"header-1607531108388\" style=\"\" class=\"accordions-head head1607531108388 border-none\" toggle-text=\"\" main-text=\"F\u00edsica e Qu\u00edmica \/ Fisica\">\r\n                                            <span id=\"accordion-icons-1607531108388\" class=\"accordion-icons\">\r\n                            <span class=\"accordion-icon-active accordion-plus\"><i class=\"fas fa-chevron-up\"><\/i><\/span>\r\n                            <span class=\"accordion-icon-inactive accordion-minus\"><i class=\"fas fa-chevron-right\"><\/i><\/span>\r\n                        <\/span>\r\n                        <span id=\"header-text-1607531108388\" class=\"accordions-head-title\">F\u00edsica e Qu\u00edmica \/ Fisica<\/span>\r\n                                    <\/div>\r\n                <div class=\"accordion-content content1607531108388 \">\r\n                    <p style=\"text-align: center\"><a href=\"http:\/\/aeaf.edu.pt\/wp-content\/uploads\/2025\/10\/CRITERIOS-DE-AVALIACAO-_FQA-F-Q_10o-11o-12o.pdf\">CRITERIOS DE AVALIA\u00c7AO _FQA-F-Q_10\u00ba 11\u00ba 12\u00ba<\/a><\/p>                <\/div>\r\n                        <div post_id=\"15637\" itemcount=\"9\" header_id=\"header-1607531171310\" id=\"header-1607531171310\" style=\"\" class=\"accordions-head head1607531171310 border-none\" toggle-text=\"\" main-text=\"Franc\u00eas e Espanhol\">\r\n                                            <span id=\"accordion-icons-1607531171310\" class=\"accordion-icons\">\r\n                            <span class=\"accordion-icon-active accordion-plus\"><i class=\"fas fa-chevron-up\"><\/i><\/span>\r\n                            <span class=\"accordion-icon-inactive accordion-minus\"><i class=\"fas fa-chevron-right\"><\/i><\/span>\r\n                        <\/span>\r\n                        <span id=\"header-text-1607531171310\" class=\"accordions-head-title\">Franc\u00eas e Espanhol<\/span>\r\n                                    <\/div>\r\n                <div class=\"accordion-content content1607531171310 \">\r\n                    <p style=\"text-align: center\"><a href=\"http:\/\/aeaf.edu.pt\/wp-content\/uploads\/2025\/10\/CRITERIOS-DE-AVALIACAO-Frances-e-Espanhol-Secundario.pdf\" target=\"_blank\" rel=\"noopener\"><span style=\"text-decoration: underline\"><strong>CRITERIOS DE AVALIA\u00c7AO Franc\u00eas e Espanhol Secund\u00e1rio<\/strong><\/span><\/a><\/p>                <\/div>\r\n                        <div post_id=\"15637\" itemcount=\"10\" header_id=\"header-1607531291434\" id=\"header-1607531291434\" style=\"\" class=\"accordions-head head1607531291434 border-none\" toggle-text=\"\" main-text=\"Geografia\">\r\n                                            <span id=\"accordion-icons-1607531291434\" class=\"accordion-icons\">\r\n                            <span class=\"accordion-icon-active accordion-plus\"><i class=\"fas fa-chevron-up\"><\/i><\/span>\r\n                            <span class=\"accordion-icon-inactive accordion-minus\"><i class=\"fas fa-chevron-right\"><\/i><\/span>\r\n                        <\/span>\r\n                        <span id=\"header-text-1607531291434\" class=\"accordions-head-title\">Geografia<\/span>\r\n                                    <\/div>\r\n                <div class=\"accordion-content content1607531291434 \">\r\n                    <p style=\"text-align: center\"><span style=\"text-decoration: underline\"><strong><a href=\"http:\/\/aeaf.edu.pt\/wp-content\/uploads\/2025\/10\/Criterios-Avaliacao_-GEOGRAFIA-A_2025-2026.pdf\" target=\"_blank\" rel=\"noopener\">Crit\u00e9rios Avalia\u00e7\u00e3o_ GEOGRAFIA A_2025-2026<\/a> <\/strong><\/span><\/p>\r\n<p style=\"text-align: center\"><span style=\"text-decoration: underline\"><strong><a href=\"http:\/\/aeaf.edu.pt\/wp-content\/uploads\/2025\/10\/Criterios-Avaliacao_GEOGRAFIA-C_2025-2026.pdf\" target=\"_blank\" rel=\"noopener\">Crit\u00e9rios Avalia\u00e7\u00e3o_GEOGRAFIA C_2025-2026<\/a><\/strong><\/span><\/p>                <\/div>\r\n                        <div post_id=\"15637\" itemcount=\"11\" header_id=\"header-1607531391636\" id=\"header-1607531391636\" style=\"\" class=\"accordions-head head1607531391636 border-none\" toggle-text=\"\" main-text=\"Hist\u00f3ria\">\r\n                                            <span id=\"accordion-icons-1607531391636\" class=\"accordion-icons\">\r\n                            <span class=\"accordion-icon-active accordion-plus\"><i class=\"fas fa-chevron-up\"><\/i><\/span>\r\n                            <span class=\"accordion-icon-inactive accordion-minus\"><i class=\"fas fa-chevron-right\"><\/i><\/span>\r\n                        <\/span>\r\n                        <span id=\"header-text-1607531391636\" class=\"accordions-head-title\">Hist\u00f3ria<\/span>\r\n                                    <\/div>\r\n                <div class=\"accordion-content content1607531391636 \">\r\n                    <p style=\"text-align: center\"><span style=\"text-decoration: underline\"><strong><a href=\"http:\/\/aeaf.edu.pt\/wp-content\/uploads\/2025\/10\/Criterios-de-Avaliacao_Sec.-Historia-A.pdf\" target=\"_blank\" rel=\"noopener\">Crit\u00e9rios de Avalia\u00e7\u00e3o_Sec. Hist\u00f3ria A<\/a> <\/strong><\/span><\/p>\r\n<p style=\"text-align: center\"><span style=\"text-decoration: underline\"><strong><a href=\"http:\/\/aeaf.edu.pt\/wp-content\/uploads\/2025\/10\/Criterios-de-Avaliacao_Sec.-Historia-B.pdf\" target=\"_blank\" rel=\"noopener\">Crit\u00e9rios de Avalia\u00e7\u00e3o_Sec. Hist\u00f3ria B<\/a> <\/strong><\/span><\/p>\r\n<p style=\"text-align: center\"><span style=\"text-decoration: underline\"><strong><a href=\"http:\/\/aeaf.edu.pt\/wp-content\/uploads\/2025\/10\/Criterios-de-Avaliacao_Sec.-HCA.pdf\" target=\"_blank\" rel=\"noopener\">Crit\u00e9rios de Avalia\u00e7\u00e3o_Sec. HCA<\/a><\/strong><\/span><\/p>                <\/div>\r\n                        <div post_id=\"15637\" itemcount=\"12\" header_id=\"header-1607531766448\" id=\"header-1607531766448\" style=\"\" class=\"accordions-head head1607531766448 border-none\" toggle-text=\"\" main-text=\"Inform\u00e1tica\">\r\n                                            <span id=\"accordion-icons-1607531766448\" class=\"accordion-icons\">\r\n                            <span class=\"accordion-icon-active accordion-plus\"><i class=\"fas fa-chevron-up\"><\/i><\/span>\r\n                            <span class=\"accordion-icon-inactive accordion-minus\"><i class=\"fas fa-chevron-right\"><\/i><\/span>\r\n                        <\/span>\r\n                        <span id=\"header-text-1607531766448\" class=\"accordions-head-title\">Inform\u00e1tica<\/span>\r\n                                    <\/div>\r\n                <div class=\"accordion-content content1607531766448 \">\r\n                    <p style=\"text-align: center\"><a href=\"http:\/\/aeaf.edu.pt\/wp-content\/uploads\/2025\/10\/CRITERIOS-DE-AVALIACAO-12o-Aplicacoes-Inf-B-25-26.pdf\" target=\"_blank\" rel=\"noopener\"><span style=\"text-decoration: underline\"><strong>CRITERIOS DE AVALIA\u00c7AO 12\u00ba Aplica\u00e7\u00f5es Inf B 25-26<\/strong><\/span><\/a><\/p>                <\/div>\r\n                        <div post_id=\"15637\" itemcount=\"13\" header_id=\"header-1607533338769\" id=\"header-1607533338769\" style=\"\" class=\"accordions-head head1607533338769 border-none\" toggle-text=\"\" main-text=\"Ingl\u00eas\">\r\n                                            <span id=\"accordion-icons-1607533338769\" class=\"accordion-icons\">\r\n                            <span class=\"accordion-icon-active accordion-plus\"><i class=\"fas fa-chevron-up\"><\/i><\/span>\r\n                            <span class=\"accordion-icon-inactive accordion-minus\"><i class=\"fas fa-chevron-right\"><\/i><\/span>\r\n                        <\/span>\r\n                        <span id=\"header-text-1607533338769\" class=\"accordions-head-title\">Ingl\u00eas<\/span>\r\n                                    <\/div>\r\n                <div class=\"accordion-content content1607533338769 \">\r\n                    <p style=\"text-align: center\"><a href=\"http:\/\/aeaf.edu.pt\/wp-content\/uploads\/2025\/10\/INGLES-Secundario-CRITERIOS-DE-AVALIACAO-2025-26.pdf\" target=\"_blank\" rel=\"noopener\"><span style=\"text-decoration: underline\">INGL\u00caS - Secund\u00e1rio - CRITERIOS DE AVALIA\u00c7\u00c3O 2025-26<\/span><\/a><\/p>                <\/div>\r\n                        <div post_id=\"15637\" itemcount=\"14\" header_id=\"header-1607534488715\" id=\"header-1607534488715\" style=\"\" class=\"accordions-head head1607534488715 border-none\" toggle-text=\"\" main-text=\"Matem\u00e1tica\">\r\n                                            <span id=\"accordion-icons-1607534488715\" class=\"accordion-icons\">\r\n                            <span class=\"accordion-icon-active accordion-plus\"><i class=\"fas fa-chevron-up\"><\/i><\/span>\r\n                            <span class=\"accordion-icon-inactive accordion-minus\"><i class=\"fas fa-chevron-right\"><\/i><\/span>\r\n                        <\/span>\r\n                        <span id=\"header-text-1607534488715\" class=\"accordions-head-title\">Matem\u00e1tica<\/span>\r\n                                    <\/div>\r\n                <div class=\"accordion-content content1607534488715 \">\r\n                    <p style=\"text-align: center\"><a href=\"http:\/\/aeaf.edu.pt\/wp-content\/uploads\/2025\/10\/Criterios-Avaliacao_-Mat-A_10o-11oano.pdf\" target=\"_blank\" rel=\"noopener\"><span style=\"text-decoration: underline\"><strong>Crit\u00e9rios Avalia\u00e7\u00e3o_ Mat A_10\u00ba-11\u00baano<\/strong><\/span><\/a><\/p>\r\n<p style=\"text-align: center\"><span style=\"text-decoration: underline\"><strong><a href=\"http:\/\/aeaf.edu.pt\/wp-content\/uploads\/2025\/10\/Criterios-Avaliacao_-Mat-A_12o.pdf\" target=\"_blank\" rel=\"noopener\">Crit\u00e9rios Avalia\u00e7\u00e3o_ Mat A_12\u00ba<\/a> <\/strong><\/span><\/p>\r\n<p style=\"text-align: center\"><span style=\"text-decoration: underline\"><strong><a href=\"http:\/\/aeaf.edu.pt\/wp-content\/uploads\/2025\/10\/Criterios-Avaliacao_-Mat-B.pdf\" target=\"_blank\" rel=\"noopener\">Crit\u00e9rios Avalia\u00e7\u00e3o_ Mat B<\/a> <\/strong><\/span><\/p>\r\n<p style=\"text-align: center\"><span style=\"text-decoration: underline\"><strong><a href=\"http:\/\/aeaf.edu.pt\/wp-content\/uploads\/2025\/10\/Criterios-Avaliacao_MACS.pdf\" target=\"_blank\" rel=\"noopener\">Crit\u00e9rios Avalia\u00e7\u00e3o_MACS<\/a> <\/strong><\/span><\/p>                <\/div>\r\n                        <div post_id=\"15637\" itemcount=\"15\" header_id=\"header-1607534921639\" id=\"header-1607534921639\" style=\"\" class=\"accordions-head head1607534921639 border-none\" toggle-text=\"\" main-text=\"Portugu\u00eas\">\r\n                                            <span id=\"accordion-icons-1607534921639\" class=\"accordion-icons\">\r\n                            <span class=\"accordion-icon-active accordion-plus\"><i class=\"fas fa-chevron-up\"><\/i><\/span>\r\n                            <span class=\"accordion-icon-inactive accordion-minus\"><i class=\"fas fa-chevron-right\"><\/i><\/span>\r\n                        <\/span>\r\n                        <span id=\"header-text-1607534921639\" class=\"accordions-head-title\">Portugu\u00eas<\/span>\r\n                                    <\/div>\r\n                <div class=\"accordion-content content1607534921639 \">\r\n                    <p style=\"text-align: center\"><span style=\"text-decoration: underline\"><strong><a href=\"http:\/\/aeaf.edu.pt\/wp-content\/uploads\/2025\/10\/ENS.-SECUNDARIO-CRITERIOS-DE-AVALIACAO-DE-PORTUGUES-25-26.pdf\" target=\"_blank\" rel=\"noopener\">ENS. SECUND\u00c1RIO CRITERIOS DE AVALIA\u00c7AO DE PORTUGU\u00caS 25-26<\/a> <\/strong><\/span><\/p>\r\n<p style=\"text-align: center\"><span style=\"text-decoration: underline\"><strong><a href=\"http:\/\/aeaf.edu.pt\/wp-content\/uploads\/2025\/10\/PLNM-A1-CRITERIOS-DE-AVALIACAO-DE-PORTUGUES-2025-26.pdf\" target=\"_blank\" rel=\"noopener\">PLNM A1 CRITERIOS DE AVALIA\u00c7AO DE PORTUGU\u00caS 2025-26<\/a> <\/strong><\/span><\/p>\r\n<p style=\"text-align: center\"><span style=\"text-decoration: underline\"><strong><a href=\"http:\/\/aeaf.edu.pt\/wp-content\/uploads\/2025\/10\/PLNM-A2-CRITERIOS-DE-AVALIACAO-DE-PORTUGUES-2025.26.pdf\" target=\"_blank\" rel=\"noopener\">PLNM A2 CRITERIOS DE AVALIA\u00c7AO DE PORTUGU\u00caS 2025.26<\/a> <\/strong><\/span><\/p>\r\n<p style=\"text-align: center\"><span style=\"text-decoration: underline\"><strong><a href=\"http:\/\/aeaf.edu.pt\/wp-content\/uploads\/2025\/10\/PLNM-B1-CRITERIOS-DE-AVALIACAO-DE-PORTUGUES-2025-26.pdf\" target=\"_blank\" rel=\"noopener\">PLNM B1 CRITERIOS DE AVALIA\u00c7AO DE PORTUGU\u00caS 2025-26<\/a><\/strong><\/span><\/p>                <\/div>\r\n            <\/div>\r\n    <script>\r\n   (function($) {\r\n\r\n$(document).on(\"ready\",function(){\r\n            accordions_active_index_15637 = [];\r\n                })})(jQuery);\r\n    <\/script>    <script>\r\n        (function($) {\r\n\r\n$(document).on(\"ready\",function(){\r\n            accordion_15637 = $(\"#accordions-15637 .items\").accordion({\r\n                event: \"click\",\r\n                collapsible: true,\r\n                heightStyle: \"content\",\r\n                animate: (\"swing\", 1000),\r\n                navigation: true,\r\n                active: 999,\r\n                            });\r\n        })})(jQuery);\r\n    <\/script>\r\n                <\/div>\n\n\n\n<hr class=\"wp-block-separator\"\/>\n\n\n\n<p class=\"has-medium-font-size\"><strong>Ensino Profissional:<\/strong><\/p>\n\n\n<div id=\"accordions-15638\" class=\"accordions-15638 accordions\">\r\n                <div id=\"accordions-lazy-15638\" class=\"accordions-lazy\">\r\n                    <\/div>\r\n        <script>\r\n            (function($) {\r\n                $(window).on(\"load\",function(){\r\n                    $('#accordions-lazy-15638').fadeOut();\r\n                    $('#accordions-15638 .items').fadeIn();\r\n                })\r\n        })(jQuery);\r\n        <\/script><style type='text\/css'>\r\n        @media only screen and (min-width: 1024px) {\r\n            #accordions-15638 {\r\n                width: 100%;\r\n                            }\r\n        }\r\n        @media only screen and (min-width: 768px) and (max-width: 1023px) {\r\n            #accordions-15638 {\r\n                width: 100%;\r\n                            }\r\n        }\r\n        @media only screen and (min-width: 0px) and (max-width: 767px) {\r\n            #accordions-15638 {\r\n                width: 100%;\r\n                            }\r\n        }\r\n        #accordions-15638 .items {\r\n            display: none;\r\n        }\r\n\r\n        #accordions-15638 .accordions-lazy {\r\n            text-align: center;\r\n            position: absolute;\r\n            top: 50%;\r\n            left: 50%;\r\n            transform: translate(-50%, -50%);\r\n        }\r\n\r\n        #accordions-15638 {\r\n            text-align: left;\r\n            background: #ffffff url() repeat scroll 0 0;\r\n            position: relative;\r\n        }\r\n\r\n        #accordions-15638 .accordions-head {\r\n            background: #bcbcbc none repeat scroll 0 0;\r\n            \r\n                        outline: none;\r\n        }\r\n\r\n        #accordions-15638 .accordions-head-title {\r\n            color: #000000;\r\n            font-size: 16px;\r\n                    }\r\n\r\n        #accordions-15638 .accordions-head-title-toggle {\r\n            color: #000000;\r\n            font-size: 16px;\r\n                    }\r\n\r\n        #accordions-15638 .accordions-head:hover .accordions-head-title {\r\n            color: #ffffff;\r\n                    }\r\n\r\n        #accordions-15638 .ui-state-active {\r\n            background: #bcbcbc;\r\n            border: none;\r\n        }\r\n\r\n        #accordions-15638 .accordion-content {\r\n            background: #ffffff none repeat scroll 0 0;\r\n            border: none;\r\n        }\r\n\r\n        #accordions-15638 .accordion-icons {\r\n            color: #000000;\r\n                    }\r\n\r\n        #accordions-15638 .accordions-head:hover .accordion-icons span {\r\n            color: #000000;\r\n                    }\r\n\r\n            <\/style>\r\n<div class=\"items\">\r\n                        <div post_id=\"15638\" itemcount=\"0\" header_id=\"header-1607524462814\" id=\"header-1607524462814\" style=\"\" class=\"accordions-head head1607524462814 border-none\" toggle-text=\"\" main-text=\"\u00c1rea Integra\u00e7\u00e3o (cursos profissionais)\">\r\n                                            <span id=\"accordion-icons-1607524462814\" class=\"accordion-icons\">\r\n                            <span class=\"accordion-icon-active accordion-plus\"><i class=\"fas fa-chevron-up\"><\/i><\/span>\r\n                            <span class=\"accordion-icon-inactive accordion-minus\"><i class=\"fas fa-chevron-right\"><\/i><\/span>\r\n                        <\/span>\r\n                        <span id=\"header-text-1607524462814\" class=\"accordions-head-title\">\u00c1rea Integra\u00e7\u00e3o (cursos profissionais)<\/span>\r\n                                    <\/div>\r\n                <div class=\"accordion-content content1607524462814 \">\r\n                    <p style=\"text-align: center\"><a href=\"http:\/\/aeaf.edu.pt\/wp-content\/uploads\/2025\/10\/Crit.-Area-Integracaomodulos-1-2-3-4-5-e-6.pdf\" target=\"_blank\" rel=\"noopener\"><span style=\"text-decoration: underline\"><strong>Crit. \u00c1rea Integra\u00e7\u00e3o(m\u00f3dulos 1, 2, 3, 4, 5 e 6)<\/strong><\/span><\/a><\/p>\r\n<p style=\"text-align: center\"><\/p>                <\/div>\r\n                        <div post_id=\"15638\" itemcount=\"1\" header_id=\"header-1607524514416\" id=\"header-1607524514416\" style=\"\" class=\"accordions-head head1607524514416 border-none\" toggle-text=\"\" main-text=\"Artes Visuais\">\r\n                                            <span id=\"accordion-icons-1607524514416\" class=\"accordion-icons\">\r\n                            <span class=\"accordion-icon-active accordion-plus\"><i class=\"fas fa-chevron-up\"><\/i><\/span>\r\n                            <span class=\"accordion-icon-inactive accordion-minus\"><i class=\"fas fa-chevron-right\"><\/i><\/span>\r\n                        <\/span>\r\n                        <span id=\"header-text-1607524514416\" class=\"accordions-head-title\">Artes Visuais<\/span>\r\n                                    <\/div>\r\n                <div class=\"accordion-content content1607524514416 \">\r\n                    <p style=\"text-align: center\"><span style=\"text-decoration: underline\"><strong><a href=\"http:\/\/aeaf.edu.pt\/wp-content\/uploads\/2025\/10\/CRITERIOS-DE-AVALIACAO-Desenho-de-Comunicacao-2025-2026.pdf\" target=\"_blank\" rel=\"noopener\">CRITERIOS DE AVALIA\u00c7AO Desenho de Comunicacao 2025-2026<\/a> <\/strong><\/span><\/p>\r\n<p style=\"text-align: center\"><span style=\"text-decoration: underline\"><strong><a href=\"http:\/\/aeaf.edu.pt\/wp-content\/uploads\/2025\/10\/CRITERIOS-DE-AVALIACAO-GD-B-2025-2026.pdf\" target=\"_blank\" rel=\"noopener\">CRITERIOS DE AVALIA\u00c7AO GD B 2025-2026<\/a> <\/strong><\/span><\/p>\r\n<p style=\"text-align: center\"><span style=\"text-decoration: underline\"><strong><a href=\"http:\/\/aeaf.edu.pt\/wp-content\/uploads\/2025\/10\/CRITERIOS-DE-AVALIACAO-TG_10P3-2025-2026-.pdf\" target=\"_blank\" rel=\"noopener\">CRITERIOS DE AVALIA\u00c7AO TG_10P3 2025-2026<\/a> <\/strong><\/span><\/p>\r\n<p style=\"text-align: center\"><span style=\"text-decoration: underline\"><strong><a href=\"http:\/\/aeaf.edu.pt\/wp-content\/uploads\/2025\/10\/CRITERIOS-DE-AVALIACAO-TM_DCA_PPM_10o11o12o-2025-2026.pdf\" target=\"_blank\" rel=\"noopener\">CRITERIOS DE AVALIA\u00c7AO TM_DCA_PPM_10\u00ba11\u00ba12\u00ba 2025-2026<\/a> <\/strong><\/span><\/p>\r\n<p style=\"text-align: center\"><span style=\"text-decoration: underline\"><strong><a href=\"http:\/\/aeaf.edu.pt\/wp-content\/uploads\/2025\/10\/CRITERIOS-DE-AVALIACAO-DCG-10-11-12-2025-2026.pdf\" target=\"_blank\" rel=\"noopener\">CRITERIOS DE AVALIA\u00c7AO DCG 10, 11, 12 2025-2026<\/a><\/strong><\/span><\/p>                <\/div>\r\n                        <div post_id=\"15638\" itemcount=\"2\" header_id=\"header-1636051216816\" id=\"header-1636051216816\" style=\"\" class=\"accordions-head head1636051216816 border-none\" toggle-text=\"\" main-text=\"Cidadania e Desenvolvimento\">\r\n                                            <span id=\"accordion-icons-1636051216816\" class=\"accordion-icons\">\r\n                            <span class=\"accordion-icon-active accordion-plus\"><i class=\"fas fa-chevron-up\"><\/i><\/span>\r\n                            <span class=\"accordion-icon-inactive accordion-minus\"><i class=\"fas fa-chevron-right\"><\/i><\/span>\r\n                        <\/span>\r\n                        <span id=\"header-text-1636051216816\" class=\"accordions-head-title\">Cidadania e Desenvolvimento<\/span>\r\n                                    <\/div>\r\n                <div class=\"accordion-content content1636051216816 \">\r\n                    <p style=\"text-align: center\"><a href=\"http:\/\/aeaf.edu.pt\/wp-content\/uploads\/2025\/10\/E-Secundario_CRITERIOS-DE-AVALIACAO-CD_2025-2026-1.pdf\" target=\"_blank\" rel=\"noopener\"><span style=\"text-decoration: underline\"><strong>E Secund\u00e1rio_CRITERIOS DE AVALIA\u00c7\u00c3O CD_2025-2026<\/strong><\/span><\/a><\/p>                <\/div>\r\n                        <div post_id=\"15638\" itemcount=\"3\" header_id=\"header-1607524877510\" id=\"header-1607524877510\" style=\"\" class=\"accordions-head head1607524877510 border-none\" toggle-text=\"\" main-text=\"Economia e Contabilidade\">\r\n                                            <span id=\"accordion-icons-1607524877510\" class=\"accordion-icons\">\r\n                            <span class=\"accordion-icon-active accordion-plus\"><i class=\"fas fa-chevron-up\"><\/i><\/span>\r\n                            <span class=\"accordion-icon-inactive accordion-minus\"><i class=\"fas fa-chevron-right\"><\/i><\/span>\r\n                        <\/span>\r\n                        <span id=\"header-text-1607524877510\" class=\"accordions-head-title\">Economia e Contabilidade<\/span>\r\n                                    <\/div>\r\n                <div class=\"accordion-content content1607524877510 \">\r\n                    <p style=\"text-align: center\"><a href=\"http:\/\/aeaf.edu.pt\/wp-content\/uploads\/2025\/10\/Criterios-de-avaliacao-CT-Ensino-Profissional-2025-2026.pdf\" target=\"_blank\" rel=\"noopener\"><span style=\"text-decoration: underline\"><strong>Crit\u00e9rios de avalia\u00e7\u00e3o CT - Ensino Profissional 2025-2026<\/strong><\/span><\/a><\/p>\r\n<p style=\"text-align: center\"><span style=\"text-decoration: underline\"><strong><a href=\"http:\/\/aeaf.edu.pt\/wp-content\/uploads\/2025\/10\/Criterios-de-avaliacao-de-Economia-do-Profissional-2025-2026.pdf\" target=\"_blank\" rel=\"noopener\">Crit\u00e9rios de avalia\u00e7\u00e3o de Economia do Profissional- 2025-2026<\/a><\/strong><\/span><\/p>                <\/div>\r\n                        <div post_id=\"15638\" itemcount=\"4\" header_id=\"header-1607535332206\" id=\"header-1607535332206\" style=\"\" class=\"accordions-head head1607535332206 border-none\" toggle-text=\"\" main-text=\"Educa\u00e7\u00e3o Especial\">\r\n                                            <span id=\"accordion-icons-1607535332206\" class=\"accordion-icons\">\r\n                            <span class=\"accordion-icon-active accordion-plus\"><i class=\"fas fa-chevron-up\"><\/i><\/span>\r\n                            <span class=\"accordion-icon-inactive accordion-minus\"><i class=\"fas fa-chevron-right\"><\/i><\/span>\r\n                        <\/span>\r\n                        <span id=\"header-text-1607535332206\" class=\"accordions-head-title\">Educa\u00e7\u00e3o Especial<\/span>\r\n                                    <\/div>\r\n                <div class=\"accordion-content content1607535332206 \">\r\n                    <p style=\"text-align: center\"><a href=\"http:\/\/aeaf.edu.pt\/wp-content\/uploads\/2025\/11\/CRITERIOS-DE-AVALIACAO-Medidas-Adicionais-2025-2026.pdf\"><span style=\"text-decoration: underline\"><strong>CRIT\u00c9RIOS DE AVALIA\u00c7\u00c3O - Medidas Adicionais 2025-2026<\/strong><\/span><\/a><\/p>                <\/div>\r\n                        <div post_id=\"15638\" itemcount=\"5\" header_id=\"header-1607525086755\" id=\"header-1607525086755\" style=\"\" class=\"accordions-head head1607525086755 border-none\" toggle-text=\"\" main-text=\"Educa\u00e7\u00e3o F\u00edsica\">\r\n                                            <span id=\"accordion-icons-1607525086755\" class=\"accordion-icons\">\r\n                            <span class=\"accordion-icon-active accordion-plus\"><i class=\"fas fa-chevron-up\"><\/i><\/span>\r\n                            <span class=\"accordion-icon-inactive accordion-minus\"><i class=\"fas fa-chevron-right\"><\/i><\/span>\r\n                        <\/span>\r\n                        <span id=\"header-text-1607525086755\" class=\"accordions-head-title\">Educa\u00e7\u00e3o F\u00edsica<\/span>\r\n                                    <\/div>\r\n                <div class=\"accordion-content content1607525086755 \">\r\n                    <p style=\"text-align: center\"><a href=\"http:\/\/aeaf.edu.pt\/wp-content\/uploads\/2025\/10\/CRITERIOS-DE-AVALIACAO-ED-FISICA-25-26-Secundario-Profissional.pdf\" target=\"_blank\" rel=\"noopener\"><span style=\"text-decoration: underline\"><strong>CRITERIOS DE AVALIA\u00c7AO ED FISICA 25 26 Secund\u00e1rio Profissional<\/strong><\/span><\/a><\/p>                <\/div>\r\n                        <div post_id=\"15638\" itemcount=\"6\" header_id=\"header-1607530647421\" id=\"header-1607530647421\" style=\"\" class=\"accordions-head head1607530647421 border-none\" toggle-text=\"\" main-text=\"Eletrotecnia\">\r\n                                            <span id=\"accordion-icons-1607530647421\" class=\"accordion-icons\">\r\n                            <span class=\"accordion-icon-active accordion-plus\"><i class=\"fas fa-chevron-up\"><\/i><\/span>\r\n                            <span class=\"accordion-icon-inactive accordion-minus\"><i class=\"fas fa-chevron-right\"><\/i><\/span>\r\n                        <\/span>\r\n                        <span id=\"header-text-1607530647421\" class=\"accordions-head-title\">Eletrotecnia<\/span>\r\n                                    <\/div>\r\n                <div class=\"accordion-content content1607530647421 \">\r\n                    <p style=\"text-align: center\"><span style=\"text-decoration: underline\"><strong><a href=\"http:\/\/aeaf.edu.pt\/wp-content\/uploads\/2025\/10\/Crite\u0301rios-de-avaliac\u0327a\u0303o-12p5-PO-25_26.pdf\" target=\"_blank\" rel=\"noopener\">Crite\u0301rios de avaliac\u0327a\u0303o 12p5 PO-25_26<\/a><\/strong><\/span><\/p>\r\n<p style=\"text-align: center\"><span style=\"text-decoration: underline\"><strong><a href=\"http:\/\/aeaf.edu.pt\/wp-content\/uploads\/2025\/10\/Criterios_de_avaliac\u0327cao_11P4_TE_2526.pdf\" target=\"_blank\" rel=\"noopener\">Criterios_de_avaliac\u0327cao_11P4_TE_2526<\/a><\/strong><\/span><\/p>\r\n<p style=\"text-align: center\"><span style=\"text-decoration: underline\"><strong><a href=\"http:\/\/aeaf.edu.pt\/wp-content\/uploads\/2025\/10\/Criterios_de_avaliac\u0327cao_11P4_Ele_2526.pdf\" target=\"_blank\" rel=\"noopener\">Criterios_de_avaliac\u0327cao_11P4_Ele_2526<\/a><\/strong><\/span><\/p>\r\n<p style=\"text-align: center\"><span style=\"text-decoration: underline\"><strong><a href=\"http:\/\/aeaf.edu.pt\/wp-content\/uploads\/2025\/10\/Criterios_de_avaliac\u0327cao_10P4_SD_2526.pdf\" target=\"_blank\" rel=\"noopener\">Criterios_de_avaliac\u0327cao_10P4_SD_2526<\/a><\/strong><\/span><\/p>\r\n<p style=\"text-align: center\"><span style=\"text-decoration: underline\"><strong><a href=\"http:\/\/aeaf.edu.pt\/wp-content\/uploads\/2025\/10\/Criterios_de_avaliac\u0327cao_10P4_EE_2526.pdf\" target=\"_blank\" rel=\"noopener\">Criterios_de_avaliac\u0327cao_10P4_EE_2526<\/a><\/strong><\/span><\/p>\r\n<p style=\"text-align: center\"><span style=\"text-decoration: underline\"><strong><a href=\"http:\/\/aeaf.edu.pt\/wp-content\/uploads\/2025\/10\/Criterios_de_avaliacao_12P5_TP_2526.pdf\" target=\"_blank\" rel=\"noopener\">Criterios_de_avaliacao_12P5_TP_2526<\/a><\/strong><\/span><\/p>\r\n<p style=\"text-align: center\"><span style=\"text-decoration: underline\"><strong><a href=\"http:\/\/aeaf.edu.pt\/wp-content\/uploads\/2025\/10\/Crite\u0301rios-de-avaliac\u0327a\u0303o-TP-11p5-25_26.pdf\" target=\"_blank\" rel=\"noopener\">Crite\u0301rios de avaliac\u0327a\u0303o TP 11p5 -25_26<\/a><\/strong><\/span><\/p>\r\n<p style=\"text-align: center\"><span style=\"text-decoration: underline\"><strong><a href=\"http:\/\/aeaf.edu.pt\/wp-content\/uploads\/2025\/10\/Crite\u0301rios-de-avaliac\u0327a\u0303o-TM-25_26-12P4.pdf\" target=\"_blank\" rel=\"noopener\">Crite\u0301rios de avaliac\u0327a\u0303o TM 25_26-12P4<\/a><\/strong><\/span><\/p>\r\n<p style=\"text-align: center\"><span style=\"text-decoration: underline\"><strong><a href=\"http:\/\/aeaf.edu.pt\/wp-content\/uploads\/2025\/10\/Crite\u0301rios-de-avaliac\u0327a\u0303o-TM-25_26-11P4.pdf\" target=\"_blank\" rel=\"noopener\">Crite\u0301rios de avaliac\u0327a\u0303o TM 25_26-11P4<\/a><\/strong><\/span><\/p>\r\n<p style=\"text-align: center\"><span style=\"text-decoration: underline\"><strong><a href=\"http:\/\/aeaf.edu.pt\/wp-content\/uploads\/2025\/10\/Crite\u0301rios-de-avaliac\u0327a\u0303o-TM-25_26-10P4A.pdf\" target=\"_blank\" rel=\"noopener\">Crite\u0301rios de avaliac\u0327a\u0303o TM 25_26 10P4A<\/a> <\/strong><\/span><\/p>\r\n<p style=\"text-align: center\"><span style=\"text-decoration: underline\"><strong><a href=\"http:\/\/aeaf.edu.pt\/wp-content\/uploads\/2025\/10\/Crite\u0301rios-de-avaliac\u0327a\u0303o-TE-10P4B-25_26.pdf\" target=\"_blank\" rel=\"noopener\">Crite\u0301rios de avaliac\u0327a\u0303o TE 10P4B 25_26<\/a><\/strong><\/span><\/p>\r\n<p style=\"text-align: center\"><span style=\"text-decoration: underline\"><strong><a href=\"http:\/\/aeaf.edu.pt\/wp-content\/uploads\/2025\/10\/Crite\u0301rios-de-avaliac\u0327a\u0303o-Eletro\u0301nica-25_26-11P4B.pdf\" target=\"_blank\" rel=\"noopener\">Crite\u0301rios de avaliac\u0327a\u0303o Eletro\u0301nica 25_26-11P4B<\/a><\/strong><\/span><\/p>\r\n<p style=\"text-align: center\"><span style=\"text-decoration: underline\"><strong><a href=\"http:\/\/aeaf.edu.pt\/wp-content\/uploads\/2025\/10\/Crite\u0301rios-de-avaliac\u0327a\u0303o-EE-25_26-12P4.pdf\" target=\"_blank\" rel=\"noopener\">Crite\u0301rios de avaliac\u0327a\u0303o EE 25_26-12P4<\/a><\/strong><\/span><\/p>\r\n<p style=\"text-align: center\"><span style=\"text-decoration: underline\"><strong><a href=\"http:\/\/aeaf.edu.pt\/wp-content\/uploads\/2025\/10\/Crite\u0301rios-de-avaliac\u0327a\u0303o-EE-25_26-11P4.pdf\" target=\"_blank\" rel=\"noopener\">Crite\u0301rios de avaliac\u0327a\u0303o EE 25_26-11P4<\/a><\/strong><\/span><\/p>\r\n<p style=\"text-align: center\"><span style=\"text-decoration: underline\"><strong><a href=\"http:\/\/aeaf.edu.pt\/wp-content\/uploads\/2025\/10\/Crite\u0301rios-de-avaliac\u0327a\u0303o-EE-25_26-10P4.pdf\" target=\"_blank\" rel=\"noopener\">Crite\u0301rios de avaliac\u0327a\u0303o EE 25_26-10P4<\/a><\/strong><\/span><\/p>\r\n<p style=\"text-align: center\"><span style=\"text-decoration: underline\"><strong><a href=\"http:\/\/aeaf.edu.pt\/wp-content\/uploads\/2025\/10\/Crite\u0301rios-de-avaliac\u0327a\u0303o-Automaca\u0303o_Prog-25_26-11P4B.pdf\" target=\"_blank\" rel=\"noopener\">Crite\u0301rios de avaliac\u0327a\u0303o Automaca\u0303o_Prog 25_26-11P4B<\/a><\/strong><\/span><\/p>\r\n<p style=\"text-align: center\"><span style=\"text-decoration: underline\"><strong><a href=\"http:\/\/aeaf.edu.pt\/wp-content\/uploads\/2025\/10\/Crite\u0301rios-de-avaliac\u0327a\u0303o-Automac\u0327a\u0303o_Prog-25_26-10P4B.pdf\">Crite\u0301rios de avaliac\u0327a\u0303o Automac\u0327a\u0303o_Prog 25_26-10P4B<\/a><\/strong><\/span><\/p>\r\n<p style=\"text-align: center\"><span style=\"text-decoration: underline\"><strong><a href=\"http:\/\/aeaf.edu.pt\/wp-content\/uploads\/2025\/10\/Crite\u0301rios-de-avaliac\u0327a\u0303o-AM-12P4-25_26.pdf\">Crite\u0301rios de avaliac\u0327a\u0303o AM 12P4 25_26<\/a><\/strong><\/span><\/p>\r\n<p style=\"text-align: center\"><span style=\"text-decoration: underline\"><strong><a href=\"http:\/\/aeaf.edu.pt\/wp-content\/uploads\/2025\/10\/Crite\u0301rios-de-avaliac\u0327a\u0303o-AM-11P4-25_26.pdf\">Crite\u0301rios de avaliac\u0327a\u0303o AM 11P4 25_26<\/a><\/strong><\/span><\/p>\r\n<p style=\"text-align: center\"><a href=\"http:\/\/aeaf.edu.pt\/wp-content\/uploads\/2025\/10\/Crite\u0301rios-de-avaliac\u0327a\u0303o-AM-10P4-25_26.pdf\"><span style=\"text-decoration: underline\"><strong>Crite\u0301rios de avaliac\u0327a\u0303o AM 10P4 25_26<\/strong><\/span><\/a><\/p>                <\/div>\r\n                        <div post_id=\"15638\" itemcount=\"7\" header_id=\"header-1607531108388\" id=\"header-1607531108388\" style=\"\" class=\"accordions-head head1607531108388 border-none\" toggle-text=\"\" main-text=\"F\u00edsica e Qu\u00edmica\">\r\n                                            <span id=\"accordion-icons-1607531108388\" class=\"accordion-icons\">\r\n                            <span class=\"accordion-icon-active accordion-plus\"><i class=\"fas fa-chevron-up\"><\/i><\/span>\r\n                            <span class=\"accordion-icon-inactive accordion-minus\"><i class=\"fas fa-chevron-right\"><\/i><\/span>\r\n                        <\/span>\r\n                        <span id=\"header-text-1607531108388\" class=\"accordions-head-title\">F\u00edsica e Qu\u00edmica<\/span>\r\n                                    <\/div>\r\n                <div class=\"accordion-content content1607531108388 \">\r\n                    <p style=\"text-align: center\"><a href=\"http:\/\/aeaf.edu.pt\/wp-content\/uploads\/2025\/10\/CRITERIOS-DE-AVALIACAO-_FQ-F-10o-11o-12oProf.pdf\" target=\"_blank\" rel=\"noopener\"><span style=\"text-decoration: underline\"><strong>CRITERIOS DE AVALIA\u00c7AO _FQ-F-10\u00ba-11\u00ba-12\u00baProf<\/strong><\/span><\/a><\/p>                <\/div>\r\n                        <div post_id=\"15638\" itemcount=\"8\" header_id=\"header-1607531391636\" id=\"header-1607531391636\" style=\"\" class=\"accordions-head head1607531391636 border-none\" toggle-text=\"\" main-text=\"Hist\u00f3ria\">\r\n                                            <span id=\"accordion-icons-1607531391636\" class=\"accordion-icons\">\r\n                            <span class=\"accordion-icon-active accordion-plus\"><i class=\"fas fa-chevron-up\"><\/i><\/span>\r\n                            <span class=\"accordion-icon-inactive accordion-minus\"><i class=\"fas fa-chevron-right\"><\/i><\/span>\r\n                        <\/span>\r\n                        <span id=\"header-text-1607531391636\" class=\"accordions-head-title\">Hist\u00f3ria<\/span>\r\n                                    <\/div>\r\n                <div class=\"accordion-content content1607531391636 \">\r\n                    <p style=\"text-align: center\"><a href=\"http:\/\/aeaf.edu.pt\/wp-content\/uploads\/2025\/10\/Crit.-Avaliacao_HCA-Sec.-Profissionais.pdf\" target=\"_blank\" rel=\"noopener\"><span style=\"text-decoration: underline\"><strong>Crit. Avalia\u00e7\u00e3o_HCA (Sec. Profissionais)<\/strong><\/span><\/a><\/p>                <\/div>\r\n                        <div post_id=\"15638\" itemcount=\"9\" header_id=\"header-1607531766448\" id=\"header-1607531766448\" style=\"\" class=\"accordions-head head1607531766448 border-none\" toggle-text=\"\" main-text=\"Inform\u00e1tica\">\r\n                                            <span id=\"accordion-icons-1607531766448\" class=\"accordion-icons\">\r\n                            <span class=\"accordion-icon-active accordion-plus\"><i class=\"fas fa-chevron-up\"><\/i><\/span>\r\n                            <span class=\"accordion-icon-inactive accordion-minus\"><i class=\"fas fa-chevron-right\"><\/i><\/span>\r\n                        <\/span>\r\n                        <span id=\"header-text-1607531766448\" class=\"accordions-head-title\">Inform\u00e1tica<\/span>\r\n                                    <\/div>\r\n                <div class=\"accordion-content content1607531766448 \">\r\n                    <p style=\"text-align: center\"><span style=\"text-decoration: underline\"><strong><a href=\"http:\/\/aeaf.edu.pt\/wp-content\/uploads\/2025\/10\/CRITERIOS-DE-AVALIACAO-10o-TIC-25-26.pdf\" target=\"_blank\" rel=\"noopener\">CRITERIOS\u00a0<\/a><\/strong><\/span><span style=\"text-decoration: underline\"><strong><a href=\"http:\/\/aeaf.edu.pt\/wp-content\/uploads\/2025\/10\/CRITERIOS-DE-AVALIACAO-10o-TIC-25-26.pdf\" target=\"_blank\" rel=\"noopener\">DE AVALIA\u00c7AO 10\u00ba TIC 25-26<\/a><\/strong><\/span><\/p>\r\n<p style=\"text-align: center\"><span style=\"text-decoration: underline\"><strong><a href=\"http:\/\/aeaf.edu.pt\/wp-content\/uploads\/2025\/10\/CRITERIOS-DE-AVALIACAO-10oP2-AC-25-26.pdf\" target=\"_blank\" rel=\"noopener\">CRITERIOS DE AVALIA\u00c7AO 10\u00baP2 AC 25-26<\/a><\/strong><\/span><\/p>\r\n<p style=\"text-align: center\"><span style=\"text-decoration: underline\"><strong><a href=\"http:\/\/aeaf.edu.pt\/wp-content\/uploads\/2025\/10\/CRITERIOS-DE-AVALIACAO-10oP2-PSI-25-26.pdf\" target=\"_blank\" rel=\"noopener\">CRITERIOS DE AVALIA\u00c7AO 10\u00baP2 PSI 25-26<\/a><\/strong><\/span><\/p>\r\n<p style=\"text-align: center\"><span style=\"text-decoration: underline\"><strong><a href=\"http:\/\/aeaf.edu.pt\/wp-content\/uploads\/2025\/10\/CRITERIOS-DE-AVALIACAO-10oP2-RC-25-26.pdf\" target=\"_blank\" rel=\"noopener\">CRITERIOS DE AVALIA\u00c7AO 10\u00baP2 RC 25-26<\/a><\/strong><\/span><\/p>\r\n<p style=\"text-align: center\"><span style=\"text-decoration: underline\"><strong><a href=\"http:\/\/aeaf.edu.pt\/wp-content\/uploads\/2025\/10\/CRITERIOS-DE-AVALIACAO-10oP3-SI-25-26.pdf\" target=\"_blank\" rel=\"noopener\">CRITERIOS DE AVALIA\u00c7AO 10\u00baP3 SI 25-26<\/a><\/strong><\/span><\/p>\r\n<p style=\"text-align: center\"><a href=\"http:\/\/aeaf.edu.pt\/wp-content\/uploads\/2025\/10\/CRITERIOS-DE-AVALIACAO-11oP2-PSI-2025-26.pdf\" target=\"_blank\" rel=\"noopener\"><span style=\"text-decoration: underline\"><strong>CRITERIOS DE AVALIA\u00c7AO 11\u00baP2 PSI 2025-26<\/strong><\/span><\/a><\/p>\r\n<p style=\"text-align: center\"><span style=\"text-decoration: underline\"><strong><a href=\"http:\/\/aeaf.edu.pt\/wp-content\/uploads\/2025\/10\/CRITERIOS-DE-AVALIACAO-11oP2-RC-25-26.pdf\" target=\"_blank\" rel=\"noopener\">CRITERIOS DE AVALIA\u00c7AO 11\u00baP2 RC 25-26<\/a><\/strong><\/span><\/p>\r\n<p style=\"text-align: center\"><a href=\"http:\/\/aeaf.edu.pt\/wp-content\/uploads\/2025\/10\/CRITERIOS-DE-AVALIACAO-11oP2-SO-25-26.pdf\" target=\"_blank\" rel=\"noopener\"><span style=\"text-decoration: underline\"><strong>CRITERIOS DE AVALIA\u00c7AO 11\u00baP2 SO 25-26<\/strong><\/span><\/a><\/p>\r\n<p style=\"text-align: center\"><span style=\"text-decoration: underline\"><strong><a href=\"http:\/\/aeaf.edu.pt\/wp-content\/uploads\/2025\/10\/CRITERIOS-DE-AVALIACAO-11oP3-SI-25-26.pdf\" target=\"_blank\" rel=\"noopener\">CRITERIOS DE AVALIA\u00c7AO 11\u00baP3 SI 25-26<\/a><\/strong><\/span><\/p>\r\n<p style=\"text-align: center\"><a href=\"http:\/\/aeaf.edu.pt\/wp-content\/uploads\/2025\/10\/CRITERIOS-DE-AVALIACAO-12oP2-PSI-2025-26.pdf\" target=\"_blank\" rel=\"noopener\"><span style=\"text-decoration: underline\"><strong>CRITERIOS DE AVALIA\u00c7AO 12\u00baP2 PSI 2025-26<\/strong><\/span><\/a><\/p>\r\n<p style=\"text-align: center\"><a href=\"http:\/\/aeaf.edu.pt\/wp-content\/uploads\/2025\/10\/CRITERIOS-DE-AVALIACAO-12oP2-RC-25-26.pdf\" target=\"_blank\" rel=\"noopener\"><span style=\"text-decoration: underline\"><strong>CRITERIOS DE AVALIA\u00c7AO 12\u00baP2 RC 25-26<\/strong><\/span><\/a><\/p>\r\n<p style=\"text-align: center\"><\/p>                <\/div>\r\n                        <div post_id=\"15638\" itemcount=\"10\" header_id=\"header-1607533338769\" id=\"header-1607533338769\" style=\"\" class=\"accordions-head head1607533338769 border-none\" toggle-text=\"\" main-text=\"Ingl\u00eas\">\r\n                                            <span id=\"accordion-icons-1607533338769\" class=\"accordion-icons\">\r\n                            <span class=\"accordion-icon-active accordion-plus\"><i class=\"fas fa-chevron-up\"><\/i><\/span>\r\n                            <span class=\"accordion-icon-inactive accordion-minus\"><i class=\"fas fa-chevron-right\"><\/i><\/span>\r\n                        <\/span>\r\n                        <span id=\"header-text-1607533338769\" class=\"accordions-head-title\">Ingl\u00eas<\/span>\r\n                                    <\/div>\r\n                <div class=\"accordion-content content1607533338769 \">\r\n                    <p style=\"text-align: center\"><a href=\"http:\/\/aeaf.edu.pt\/wp-content\/uploads\/2025\/10\/INGLES-E-Profissional-CRITERIOS-DE-AVALIACAO-2025-26.pdf\" target=\"_blank\" rel=\"noopener\"><span style=\"text-decoration: underline\"><strong>INGL\u00caS - E Profissional - CRITERIOS DE AVALIA\u00c7\u00c3O 2025-26<\/strong><\/span><\/a><\/p>                <\/div>\r\n                        <div post_id=\"15638\" itemcount=\"11\" header_id=\"header-1607534488715\" id=\"header-1607534488715\" style=\"\" class=\"accordions-head head1607534488715 border-none\" toggle-text=\"\" main-text=\"Matem\u00e1tica\">\r\n                                            <span id=\"accordion-icons-1607534488715\" class=\"accordion-icons\">\r\n                            <span class=\"accordion-icon-active accordion-plus\"><i class=\"fas fa-chevron-up\"><\/i><\/span>\r\n                            <span class=\"accordion-icon-inactive accordion-minus\"><i class=\"fas fa-chevron-right\"><\/i><\/span>\r\n                        <\/span>\r\n                        <span id=\"header-text-1607534488715\" class=\"accordions-head-title\">Matem\u00e1tica<\/span>\r\n                                    <\/div>\r\n                <div class=\"accordion-content content1607534488715 \">\r\n                    <p style=\"text-align: center\"><a href=\"http:\/\/aeaf.edu.pt\/wp-content\/uploads\/2025\/10\/Criterios-Avaliacao-Ensino-Profissional.pdf\" target=\"_blank\" rel=\"noopener\"><span style=\"text-decoration: underline\"><strong>Crit\u00e9rios Avalia\u00e7\u00e3o Ensino Profissional<\/strong><\/span><\/a><\/p>                <\/div>\r\n                        <div post_id=\"15638\" itemcount=\"12\" header_id=\"header-1607534649330\" id=\"header-1607534649330\" style=\"\" class=\"accordions-head head1607534649330 border-none\" toggle-text=\"\" main-text=\"Mec\u00e2nica\">\r\n                                            <span id=\"accordion-icons-1607534649330\" class=\"accordion-icons\">\r\n                            <span class=\"accordion-icon-active accordion-plus\"><i class=\"fas fa-chevron-up\"><\/i><\/span>\r\n                            <span class=\"accordion-icon-inactive accordion-minus\"><i class=\"fas fa-chevron-right\"><\/i><\/span>\r\n                        <\/span>\r\n                        <span id=\"header-text-1607534649330\" class=\"accordions-head-title\">Mec\u00e2nica<\/span>\r\n                                    <\/div>\r\n                <div class=\"accordion-content content1607534649330 \">\r\n                    <p style=\"text-align: center\"><span style=\"text-decoration: underline\"><strong><a href=\"http:\/\/aeaf.edu.pt\/wp-content\/uploads\/2025\/10\/CA_Mecatro\u0301nica_Desenho_25_26.pdf\" target=\"_blank\" rel=\"noopener\">CA_Mecatro\u0301nica_Desenho_25_26<\/a> <\/strong><\/span><\/p>\r\n<p style=\"text-align: center\"><span style=\"text-decoration: underline\"><strong><a href=\"http:\/\/aeaf.edu.pt\/wp-content\/uploads\/2025\/10\/CA_Mecatro\u0301nica_Aplicac\u0327o\u0303esA_25_26.pdf\" target=\"_blank\" rel=\"noopener\">CA_Mecatro\u0301nica_Aplicac\u0327o\u0303esA_25_26<\/a> <\/strong><\/span><\/p>\r\n<p style=\"text-align: center\"><span style=\"text-decoration: underline\"><strong><a href=\"http:\/\/aeaf.edu.pt\/wp-content\/uploads\/2025\/10\/CA-Mecatro\u0301nica_Tecnologias_25_26.pdf\" target=\"_blank\" rel=\"noopener\">CA- Mecatro\u0301nica_Tecnologias_25_26<\/a><\/strong><\/span><\/p>\r\n<p style=\"text-align: center\"><strong><span style=\"text-decoration: underline\"><a href=\"http:\/\/aeaf.edu.pt\/wp-content\/uploads\/2025\/10\/CA_PEAC_Tecnologias_25_26.pdf\" target=\"_blank\" rel=\"noopener\">CA_PEAC_Tecnologias_25_26<\/a> <\/span><\/strong><\/p>\r\n<p style=\"text-align: center\"><strong><span style=\"text-decoration: underline\"><a href=\"http:\/\/aeaf.edu.pt\/wp-content\/uploads\/2025\/10\/CA_PEAC_Desenho_25_26.pdf\" target=\"_blank\" rel=\"noopener\">CA_PEAC_Desenho_25_26<\/a><\/span><\/strong><\/p>\r\n<p style=\"text-align: center\"><span style=\"text-decoration: underline\"><strong><a href=\"http:\/\/aeaf.edu.pt\/wp-content\/uploads\/2025\/10\/CA_Eletromeca\u0302nica_Organizac\u0327a\u0303o_25_26.pdf\" target=\"_blank\" rel=\"noopener\">CA_Eletromeca\u0302nica_Organizac\u0327a\u0303o_25_26<\/a><\/strong><\/span><\/p>\r\n<p style=\"text-align: center\"><span style=\"text-decoration: underline\"><strong> <a href=\"http:\/\/aeaf.edu.pt\/wp-content\/uploads\/2025\/10\/CA_Eletromeca\u0302nica_Pra\u0301ticas_25_26.pdf\" target=\"_blank\" rel=\"noopener\">CA_Eletromeca\u0302nica_Pra\u0301ticas_25_26<\/a><\/strong><\/span><\/p>\r\n<p style=\"text-align: center\"><span style=\"text-decoration: underline\"><strong> <a href=\"http:\/\/aeaf.edu.pt\/wp-content\/uploads\/2025\/10\/CA_Eletromeca\u0302nica_Tecnologia_25_26.pdf\" target=\"_blank\" rel=\"noopener\">CA_Eletromeca\u0302nica_Tecnologia_25_26<\/a><\/strong><\/span><\/p>\r\n<p style=\"text-align: center\"><span style=\"text-decoration: underline\"><strong> <a href=\"http:\/\/aeaf.edu.pt\/wp-content\/uploads\/2025\/10\/CA_Eletromeca\u0302nica_Desenho_25_26.pdf\" target=\"_blank\" rel=\"noopener\">CA_Eletromeca\u0302nica_Desenho_25_26<\/a><\/strong><\/span><\/p>                <\/div>\r\n                        <div post_id=\"15638\" itemcount=\"13\" header_id=\"header-1607534921639\" id=\"header-1607534921639\" style=\"\" class=\"accordions-head head1607534921639 border-none\" toggle-text=\"\" main-text=\"Portugu\u00eas\">\r\n                                            <span id=\"accordion-icons-1607534921639\" class=\"accordion-icons\">\r\n                            <span class=\"accordion-icon-active accordion-plus\"><i class=\"fas fa-chevron-up\"><\/i><\/span>\r\n                            <span class=\"accordion-icon-inactive accordion-minus\"><i class=\"fas fa-chevron-right\"><\/i><\/span>\r\n                        <\/span>\r\n                        <span id=\"header-text-1607534921639\" class=\"accordions-head-title\">Portugu\u00eas<\/span>\r\n                                    <\/div>\r\n                <div class=\"accordion-content content1607534921639 \">\r\n                    <p style=\"text-align: center\"><a href=\"http:\/\/aeaf.edu.pt\/wp-content\/uploads\/2025\/10\/ENS.-PROFISSIONAL-CRITERIOS-DE-AVALIACAO-DE-PORTUGUES-2025.26.pdf\" target=\"_blank\" rel=\"noopener\"><span style=\"text-decoration: underline\"><strong>ENS. PROFISSIONAL CRITERIOS DE AVALIA\u00c7AO DE PORTUGU\u00caS 2025.26<\/strong><\/span><\/a><\/p>                <\/div>\r\n            <\/div>\r\n    <script>\r\n   (function($) {\r\n\r\n$(document).on(\"ready\",function(){\r\n            accordions_active_index_15638 = [];\r\n                })})(jQuery);\r\n    <\/script>    <script>\r\n        (function($) {\r\n\r\n$(document).on(\"ready\",function(){\r\n            accordion_15638 = $(\"#accordions-15638 .items\").accordion({\r\n                event: \"click\",\r\n                collapsible: true,\r\n                heightStyle: \"content\",\r\n                animate: (\"swing\", 1000),\r\n                navigation: true,\r\n                active: 999,\r\n                            });\r\n        })})(jQuery);\r\n    <\/script>\r\n                <\/div>\n","protected":false},"excerpt":{"rendered":"<p>Educa\u00e7\u00e3o Pr\u00e9-Escolar: 1\u00ba Ciclo: 2\u00ba Ciclo: 3\u00ba Ciclo: Ensino Secund\u00e1rio Cursos Cientifico-Human\u00edsticos: Ensino Profissional:<\/p>\n","protected":false},"author":5,"featured_media":10002,"comment_status":"closed","ping_status":"closed","sticky":false,"template":"","format":"standard","meta":[],"categories":[33,16],"tags":[],"_links":{"self":[{"href":"https:\/\/aeaf.edu.pt\/index.php?rest_route=\/wp\/v2\/posts\/15667"}],"collection":[{"href":"https:\/\/aeaf.edu.pt\/index.php?rest_route=\/wp\/v2\/posts"}],"about":[{"href":"https:\/\/aeaf.edu.pt\/index.php?rest_route=\/wp\/v2\/types\/post"}],"author":[{"embeddable":true,"href":"https:\/\/aeaf.edu.pt\/index.php?rest_route=\/wp\/v2\/users\/5"}],"replies":[{"embeddable":true,"href":"https:\/\/aeaf.edu.pt\/index.php?rest_route=%2Fwp%2Fv2%2Fcomments&post=15667"}],"version-history":[{"count":11,"href":"https:\/\/aeaf.edu.pt\/index.php?rest_route=\/wp\/v2\/posts\/15667\/revisions"}],"predecessor-version":[{"id":15801,"href":"https:\/\/aeaf.edu.pt\/index.php?rest_route=\/wp\/v2\/posts\/15667\/revisions\/15801"}],"wp:featuredmedia":[{"embeddable":true,"href":"https:\/\/aeaf.edu.pt\/index.php?rest_route=\/wp\/v2\/media\/10002"}],"wp:attachment":[{"href":"https:\/\/aeaf.edu.pt\/index.php?rest_route=%2Fwp%2Fv2%2Fmedia&parent=15667"}],"wp:term":[{"taxonomy":"category","embeddable":true,"href":"https:\/\/aeaf.edu.pt\/index.php?rest_route=%2Fwp%2Fv2%2Fcategories&post=15667"},{"taxonomy":"post_tag","embeddable":true,"href":"https:\/\/aeaf.edu.pt\/index.php?rest_route=%2Fwp%2Fv2%2Ftags&post=15667"}],"curies":[{"name":"wp","href":"https:\/\/api.w.org\/{rel}","templated":true}]}}