{"id":6293,"date":"2017-03-02T11:14:26","date_gmt":"2017-03-02T11:14:26","guid":{"rendered":"http:\/\/aeaf.edu.pt\/?p=6293"},"modified":"2017-03-10T17:07:31","modified_gmt":"2017-03-10T17:07:31","slug":"contratacao-de-escola-abertura-de-concurso-para-o-grupo-de-recrutamento-290-4","status":"publish","type":"post","link":"https:\/\/aeaf.edu.pt\/?p=6293","title":{"rendered":"Contrata\u00e7\u00e3o de Escola: Abertura de concurso para o Grupo de Recrutamento (290)"},"content":{"rendered":"<p style=\"text-align: justify;\"><span style=\"color: #000000;\">Nos termos do n.\u00ba 4 do artigo 39\u00b0 do Decreto-Lei n.\u00ba 132\/2012, de 27 de junho, com a nova reda\u00e7\u00e3o dada pelo Decreto-Lei n.\u00ba 9\/2016, de 7 de mar\u00e7o, torna-se p\u00fablico que por despacho do Diretor do Agrupamento de Escolas Alcaides de Faria, do dia 01 de mar\u00e7o de 2017, se encontra aberto, pelo prazo de 3 dias \u00fateis, a contar do dia 01 de mar\u00e7o de 2017, o procedimento concursal para o preenchimento de 1 (uma) vaga, por hor\u00e1rio, na categoria de Professor do:<\/span><\/p>\n<p style=\"text-align: center;\"><span style=\"color: #000000;\"><strong>Grupo Disciplinar de Educa\u00e7\u00e3o Moral e Religiosa Cat\u00f3lica (290)<\/strong><\/span><\/p>\n<p style=\"text-align: center;\"><span style=\"color: #ffffff;\">&#8230;.<\/span><\/p>\n<p style=\"text-align: center;\"><span style=\"color: #000000;\"><strong>Hor\u00e1rio 115<\/strong><\/span><\/p>\n<p style=\"text-align: center;\"><span style=\"color: #000000;\">Documento a Descarregar:<\/span>\u00a0<strong><span style=\"text-decoration: underline;\"><span style=\"color: #000000; text-decoration: underline;\"><a style=\"color: #000000; text-decoration: underline;\" href=\"http:\/\/aeaf.edu.pt\/wp-content\/uploads\/2017\/03\/Edital-52.pdf\" target=\"_blank\">Edital 52<\/a><\/span><\/span><\/strong><\/p>\n<h4 style=\"text-align: center;\"><span style=\"color: #000000;\">Lista de Ordena\u00e7\u00e3o \u2013 Gradua\u00e7\u00e3o Profissional<\/span><\/h4>\n<p style=\"text-align: center;\"><span style=\"color: #000000;\"><span style=\"text-decoration: underline;\"><span style=\"color: #000000;\"><a style=\"color: #000000; text-decoration: underline;\" href=\"http:\/\/aeaf.edu.pt\/wp-content\/uploads\/2017\/03\/Lista-Ordena\u00e7\u00e3o-Gradua\u00e7\u00e3o-Profissional-Hor\u00e1rio-115.pdf\" target=\"_blank\">Lista Ordena\u00e7\u00e3o &#8211; Hor\u00e1rio 115<\/a><\/span><\/span>\u00a0<\/span><\/p>\n<h4 style=\"text-align: center;\"><span style=\"color: #000000;\"><strong>Lista de Classifica\u00e7\u00e3o Final de Hor\u00e1rios<\/strong><strong>:<\/strong><\/span><\/h4>\n<p style=\"text-align: center;\"><span style=\"text-decoration: underline;\"><span style=\"color: #000000;\"><a style=\"color: #000000; text-decoration: underline;\" href=\"http:\/\/aeaf.edu.pt\/wp-content\/uploads\/2017\/03\/Lista-de-Classifica\u00e7\u00e3o-Final-Hor\u00e1rio-115.pdf\" target=\"_blank\">Lista de Classifica\u00e7\u00e3o Final Hor\u00e1rio 115<\/a><\/span><\/span><\/p>\n<p style=\"text-align: center;\"><span style=\"color: #ffffff;\">&#8230;<\/span><\/p>\n<p style=\"text-align: center;\"><span style=\"color: #000000;\"><strong>Hor\u00e1rio 116<\/strong><\/span><\/p>\n<p style=\"text-align: center;\"><span style=\"color: #000000;\">Documento a Descarregar:<\/span> <strong><span style=\"text-decoration: underline;\"><span style=\"color: #000000; text-decoration: underline;\"><a style=\"color: #000000; text-decoration: underline;\" href=\"http:\/\/aeaf.edu.pt\/wp-content\/uploads\/2017\/03\/Edital-53.pdf\" target=\"_blank\">Edital 53<\/a><\/span><\/span><\/strong><\/p>\n<h4 style=\"text-align: center;\"><span style=\"color: #000000;\">Lista de Ordena\u00e7\u00e3o \u2013 Gradua\u00e7\u00e3o Profissional<\/span><\/h4>\n<p style=\"text-align: center;\"><span style=\"text-decoration: underline;\"><span style=\"color: #000000;\"><a style=\"color: #000000; text-decoration: underline;\" href=\"http:\/\/aeaf.edu.pt\/wp-content\/uploads\/2017\/03\/Lista-Ordena\u00e7\u00e3o-Gradua\u00e7\u00e3o-Profissional-Hor\u00e1rio-116.pdf\" target=\"_blank\">Lista Ordena\u00e7\u00e3o &#8211; Hor\u00e1rio 116<\/a><\/span><\/span><\/p>\n<h4 style=\"text-align: center;\"><span style=\"color: #000000;\"><strong>Lista de Classifica\u00e7\u00e3o Final de Hor\u00e1rios<\/strong><strong>:<\/strong><\/span><\/h4>\n<p style=\"text-align: center;\"><span style=\"text-decoration: underline;\"><span style=\"color: #000000;\"><a style=\"color: #000000; text-decoration: underline;\" href=\"http:\/\/aeaf.edu.pt\/wp-content\/uploads\/2017\/03\/Lista-de-Classifica\u00e7\u00e3o-Final-Hor\u00e1rio-116.pdf\" target=\"_blank\">Lista de Classifica\u00e7\u00e3o Final Hor\u00e1rio 116<\/a><\/span><\/span><\/p>\n","protected":false},"excerpt":{"rendered":"<p>Nos termos do n.\u00ba 4 do artigo 39\u00b0 do Decreto-Lei n.\u00ba 132\/2012, de 27 de junho, com a nova reda\u00e7\u00e3o dada pelo Decreto-Lei n.\u00ba 9\/2016, de 7 de mar\u00e7o, torna-se p\u00fablico que por despacho do Diretor do Agrupamento de Escolas Alcaides de Faria, do dia 01 de mar\u00e7o de 2017, se encontra aberto, pelo prazo [&hellip;]<\/p>\n","protected":false},"author":1,"featured_media":5088,"comment_status":"closed","ping_status":"closed","sticky":false,"template":"","format":"standard","meta":[],"categories":[46],"tags":[],"_links":{"self":[{"href":"https:\/\/aeaf.edu.pt\/index.php?rest_route=\/wp\/v2\/posts\/6293"}],"collection":[{"href":"https:\/\/aeaf.edu.pt\/index.php?rest_route=\/wp\/v2\/posts"}],"about":[{"href":"https:\/\/aeaf.edu.pt\/index.php?rest_route=\/wp\/v2\/types\/post"}],"author":[{"embeddable":true,"href":"https:\/\/aeaf.edu.pt\/index.php?rest_route=\/wp\/v2\/users\/1"}],"replies":[{"embeddable":true,"href":"https:\/\/aeaf.edu.pt\/index.php?rest_route=%2Fwp%2Fv2%2Fcomments&post=6293"}],"version-history":[{"count":6,"href":"https:\/\/aeaf.edu.pt\/index.php?rest_route=\/wp\/v2\/posts\/6293\/revisions"}],"predecessor-version":[{"id":6320,"href":"https:\/\/aeaf.edu.pt\/index.php?rest_route=\/wp\/v2\/posts\/6293\/revisions\/6320"}],"wp:featuredmedia":[{"embeddable":true,"href":"https:\/\/aeaf.edu.pt\/index.php?rest_route=\/wp\/v2\/media\/5088"}],"wp:attachment":[{"href":"https:\/\/aeaf.edu.pt\/index.php?rest_route=%2Fwp%2Fv2%2Fmedia&parent=6293"}],"wp:term":[{"taxonomy":"category","embeddable":true,"href":"https:\/\/aeaf.edu.pt\/index.php?rest_route=%2Fwp%2Fv2%2Fcategories&post=6293"},{"taxonomy":"post_tag","embeddable":true,"href":"https:\/\/aeaf.edu.pt\/index.php?rest_route=%2Fwp%2Fv2%2Ftags&post=6293"}],"curies":[{"name":"wp","href":"https:\/\/api.w.org\/{rel}","templated":true}]}}