{"id":6321,"date":"2017-03-08T21:34:05","date_gmt":"2017-03-08T21:34:05","guid":{"rendered":"http:\/\/aeaf.edu.pt\/?p=6321"},"modified":"2017-03-23T00:13:15","modified_gmt":"2017-03-23T00:13:15","slug":"contratacao-de-escola-abertura-de-concurso-para-o-grupo-de-recrutamento-290-5","status":"publish","type":"post","link":"https:\/\/aeaf.edu.pt\/?p=6321","title":{"rendered":"Contrata\u00e7\u00e3o de Escola: Abertura de concurso para o Grupo de Recrutamento (290)"},"content":{"rendered":"<p style=\"text-align: justify;\"><span style=\"color: #000000;\">Nos termos do n.\u00ba 4 do artigo 39\u00b0 do Decreto-Lei n.\u00ba 132\/2012, de 27 de junho, com a nova reda\u00e7\u00e3o dada pelo Decreto-Lei n.\u00ba 9\/2016, de 7 de mar\u00e7o, torna-se p\u00fablico que por despacho do Diretor do Agrupamento de Escolas Alcaides de Faria, do dia 08 de mar\u00e7o de 2017, se encontra aberto, pelo prazo de 3 dias \u00fateis, a contar do dia 08 de mar\u00e7o de 2017, o procedimento concursal para o preenchimento de 1 (uma) vaga, por hor\u00e1rio, na categoria de Professor do:<\/span><\/p>\n<p style=\"text-align: center;\"><span style=\"color: #000000;\"><strong>Grupo Disciplinar de Educa\u00e7\u00e3o Moral e Religiosa Cat\u00f3lica (290)<\/strong><\/span><\/p>\n<p style=\"text-align: center;\"><span style=\"color: #ffffff;\">\u2026.<\/span><\/p>\n<p style=\"text-align: center;\"><span style=\"color: #000000;\"><strong>Hor\u00e1rio 117<\/strong><\/span><\/p>\n<p style=\"text-align: center;\"><span style=\"color: #000000;\">Documento a Descarregar: <strong><span style=\"text-decoration: underline;\"><a style=\"color: #000000; text-decoration: underline;\" href=\"http:\/\/aeaf.edu.pt\/wp-content\/uploads\/2017\/03\/Edital-54.pdf\" target=\"_blank\">Edital 54<\/a><\/span><\/strong><br \/>\n<\/span><\/p>\n<h4 style=\"text-align: center;\"><span style=\"color: #0000ff;\"><strong><span style=\"color: #ff0000;\">Nota:<\/span> Nenhum candidato concorreu a este hor\u00e1rio.<\/strong><\/span><\/h4>\n","protected":false},"excerpt":{"rendered":"<p>Nos termos do n.\u00ba 4 do artigo 39\u00b0 do Decreto-Lei n.\u00ba 132\/2012, de 27 de junho, com a nova reda\u00e7\u00e3o dada pelo Decreto-Lei n.\u00ba 9\/2016, de 7 de mar\u00e7o, torna-se p\u00fablico que por despacho do Diretor do Agrupamento de Escolas Alcaides de Faria, do dia 08 de mar\u00e7o de 2017, se encontra aberto, pelo prazo [&hellip;]<\/p>\n","protected":false},"author":5,"featured_media":5088,"comment_status":"closed","ping_status":"closed","sticky":false,"template":"","format":"standard","meta":[],"categories":[46],"tags":[],"_links":{"self":[{"href":"https:\/\/aeaf.edu.pt\/index.php?rest_route=\/wp\/v2\/posts\/6321"}],"collection":[{"href":"https:\/\/aeaf.edu.pt\/index.php?rest_route=\/wp\/v2\/posts"}],"about":[{"href":"https:\/\/aeaf.edu.pt\/index.php?rest_route=\/wp\/v2\/types\/post"}],"author":[{"embeddable":true,"href":"https:\/\/aeaf.edu.pt\/index.php?rest_route=\/wp\/v2\/users\/5"}],"replies":[{"embeddable":true,"href":"https:\/\/aeaf.edu.pt\/index.php?rest_route=%2Fwp%2Fv2%2Fcomments&post=6321"}],"version-history":[{"count":4,"href":"https:\/\/aeaf.edu.pt\/index.php?rest_route=\/wp\/v2\/posts\/6321\/revisions"}],"predecessor-version":[{"id":6354,"href":"https:\/\/aeaf.edu.pt\/index.php?rest_route=\/wp\/v2\/posts\/6321\/revisions\/6354"}],"wp:featuredmedia":[{"embeddable":true,"href":"https:\/\/aeaf.edu.pt\/index.php?rest_route=\/wp\/v2\/media\/5088"}],"wp:attachment":[{"href":"https:\/\/aeaf.edu.pt\/index.php?rest_route=%2Fwp%2Fv2%2Fmedia&parent=6321"}],"wp:term":[{"taxonomy":"category","embeddable":true,"href":"https:\/\/aeaf.edu.pt\/index.php?rest_route=%2Fwp%2Fv2%2Fcategories&post=6321"},{"taxonomy":"post_tag","embeddable":true,"href":"https:\/\/aeaf.edu.pt\/index.php?rest_route=%2Fwp%2Fv2%2Ftags&post=6321"}],"curies":[{"name":"wp","href":"https:\/\/api.w.org\/{rel}","templated":true}]}}