{"id":6566,"date":"2017-08-30T14:16:34","date_gmt":"2017-08-30T14:16:34","guid":{"rendered":"http:\/\/aeaf.edu.pt\/?p=6566"},"modified":"2017-11-07T14:53:35","modified_gmt":"2017-11-07T14:53:35","slug":"concurso-para-dinamizacao-de-atividades-de-enriquecimento-curricular-2","status":"publish","type":"post","link":"https:\/\/aeaf.edu.pt\/?p=6566","title":{"rendered":"Concurso para Dinamiza\u00e7\u00e3o de Atividades de Enriquecimento Curricular"},"content":{"rendered":"<h4 style=\"text-align: center;\"><span style=\"color: #000000;\"><strong>Concurso P\u00fablico<\/strong><\/span><\/h4>\n<p style=\"text-align: justify;\"><span style=\"color: #000000;\">Nos termos do n\u00famero 6, do artigo 6.\u00ba, do Decreto-Lei 212\/2009, de 3 de setembro, com as altera\u00e7\u00f5es introduzidas pelo Decreto-Lei 169\/2015, de 24 de agosto, Manuel David Macedo Louren\u00e7o, na qualidade de diretor do Agrupamento de Escolas Alcaides de Faria, Barcelos, torna p\u00fablico o procedimento concursal para sele\u00e7\u00e3o e recrutamento de recursos humanos que visam assegurar necessidades tempor\u00e1rias no \u00e2mbito das Atividades de Enriquecimento Curricular (AEC).<\/span><\/p>\n<h5 style=\"text-align: center;\"><span style=\"color: #000000;\"><strong><span style=\"color: #000000;\">\u00a0Documento a descarregar:<\/span> <span style=\"text-decoration: underline;\"><span style=\"color: #000000; text-decoration: underline;\"><a style=\"color: #000000; text-decoration: underline;\" href=\"http:\/\/aeaf.edu.pt\/wp-content\/uploads\/2017\/08\/Edital_AEC_2017_2018.pdf\" target=\"_blank\">Edital_AEC_2017_2018<\/a><\/span><\/span><br \/>\n<\/strong><\/span><\/h5>\n<p style=\"text-align: center;\"><span style=\"color: #ffffff;\">&#8230;<\/span><\/p>\n<h4 style=\"text-align: center;\"><span style=\"color: #000000;\">Listas de Ordena\u00e7\u00e3o dos Candidatos<\/span><\/h4>\n<h5 style=\"text-align: justify; padding-left: 30px;\"><span style=\"color: #ffffff;\">&#8230;.<\/span><\/h5>\n<p><span style=\"color: #000000;\">Oferta 874 \u2013 Atividade Art\u00edstica e Expressiva 1: <span style=\"text-decoration: underline;\"><a style=\"color: #000000; text-decoration: underline;\" href=\"http:\/\/aeaf.edu.pt\/wp-content\/uploads\/2017\/08\/Lista-Ordenada-874-AAE.pdf\" target=\"_blank\">Lista Ordenada 874 AAE<\/a><\/span><\/span><\/p>\n<p><span style=\"color: #000000;\">Oferta 885 \u2013 Atividade Art\u00edstica e Expressiva 2: <span style=\"text-decoration: underline;\"><a style=\"color: #000000; text-decoration: underline;\" href=\"http:\/\/aeaf.edu.pt\/wp-content\/uploads\/2017\/08\/Lista-Ordenada-885-AAE.pdf\" target=\"_blank\">Lista Ordenada 885 AAE<\/a><\/span><\/span><\/p>\n<p><span style=\"color: #000000;\">Oferta 888 \u2013 Atividade F\u00edsica e Desportiva: <span style=\"text-decoration: underline;\"><a style=\"color: #000000; text-decoration: underline;\" href=\"http:\/\/aeaf.edu.pt\/wp-content\/uploads\/2017\/08\/Lista-Ordenada-888-AFD.pdf\" target=\"_blank\">Lista Ordenada 888 AFD<\/a><\/span><\/span><\/p>\n<p><span style=\"color: #000000;\">Oferta 889 \u2013 Inicia\u00e7\u00e3o ao Ingl\u00eas: <span style=\"text-decoration: underline;\"><a style=\"color: #000000; text-decoration: underline;\" href=\"http:\/\/aeaf.edu.pt\/wp-content\/uploads\/2017\/08\/Lista-Ordenada-889-ING.pdf\" target=\"_blank\">Lista Ordenada 889 ING<\/a><\/span><br \/>\n<\/span><\/p>\n<p>&nbsp;<\/p>\n","protected":false},"excerpt":{"rendered":"<p>Concurso P\u00fablico Nos termos do n\u00famero 6, do artigo 6.\u00ba, do Decreto-Lei 212\/2009, de 3 de setembro, com as altera\u00e7\u00f5es introduzidas pelo Decreto-Lei 169\/2015, de 24 de agosto, Manuel David Macedo Louren\u00e7o, na qualidade de diretor do Agrupamento de Escolas Alcaides de Faria, Barcelos, torna p\u00fablico o procedimento concursal para sele\u00e7\u00e3o e recrutamento de recursos [&hellip;]<\/p>\n","protected":false},"author":5,"featured_media":5147,"comment_status":"closed","ping_status":"closed","sticky":false,"template":"","format":"standard","meta":[],"categories":[46],"tags":[],"_links":{"self":[{"href":"https:\/\/aeaf.edu.pt\/index.php?rest_route=\/wp\/v2\/posts\/6566"}],"collection":[{"href":"https:\/\/aeaf.edu.pt\/index.php?rest_route=\/wp\/v2\/posts"}],"about":[{"href":"https:\/\/aeaf.edu.pt\/index.php?rest_route=\/wp\/v2\/types\/post"}],"author":[{"embeddable":true,"href":"https:\/\/aeaf.edu.pt\/index.php?rest_route=\/wp\/v2\/users\/5"}],"replies":[{"embeddable":true,"href":"https:\/\/aeaf.edu.pt\/index.php?rest_route=%2Fwp%2Fv2%2Fcomments&post=6566"}],"version-history":[{"count":5,"href":"https:\/\/aeaf.edu.pt\/index.php?rest_route=\/wp\/v2\/posts\/6566\/revisions"}],"predecessor-version":[{"id":6685,"href":"https:\/\/aeaf.edu.pt\/index.php?rest_route=\/wp\/v2\/posts\/6566\/revisions\/6685"}],"wp:featuredmedia":[{"embeddable":true,"href":"https:\/\/aeaf.edu.pt\/index.php?rest_route=\/wp\/v2\/media\/5147"}],"wp:attachment":[{"href":"https:\/\/aeaf.edu.pt\/index.php?rest_route=%2Fwp%2Fv2%2Fmedia&parent=6566"}],"wp:term":[{"taxonomy":"category","embeddable":true,"href":"https:\/\/aeaf.edu.pt\/index.php?rest_route=%2Fwp%2Fv2%2Fcategories&post=6566"},{"taxonomy":"post_tag","embeddable":true,"href":"https:\/\/aeaf.edu.pt\/index.php?rest_route=%2Fwp%2Fv2%2Ftags&post=6566"}],"curies":[{"name":"wp","href":"https:\/\/api.w.org\/{rel}","templated":true}]}}