{"id":6779,"date":"2020-01-06T09:37:49","date_gmt":"2020-01-06T09:37:49","guid":{"rendered":"http:\/\/aeaf.edu.pt\/?p=6779"},"modified":"2020-01-06T16:56:48","modified_gmt":"2020-01-06T16:56:48","slug":"intercambios-e-projetos-de-mobilidade-201718","status":"publish","type":"post","link":"https:\/\/aeaf.edu.pt\/?p=6779","title":{"rendered":"INTERC\u00c2MBIOS e PROJETOS DE MOBILIDADE 2017\/18"},"content":{"rendered":"<p><span style=\"color: #000000;\"><strong>DESTINAT\u00c1RIOS:<\/strong> Alunos das turmas de 10\u00ba e 11\u00ba dos cursos cient\u00edfico-human\u00edsticos e 12\u00baano (op\u00e7\u00e3o Ingl\u00eas):<\/span><\/p>\n<p>&nbsp;<\/p>\n<p><span style=\"color: #000000;\">Est\u00e3o abertas as inscri\u00e7\u00f5es para a sele\u00e7\u00e3o de alunos para a participa\u00e7\u00e3o em projetos de interc\u00e2mbio:<\/span><\/p>\n<p>&nbsp;<\/p>\n<ul>\n<li><span style=\"color: #000000;\">Pol\u00f3nia (acolhimento em abril\/2018; viagem em setembro 2018)<\/span><\/li>\n<li><span style=\"color: #000000;\">Holanda (viagem em fevereiro \/acolhimento em outubro &#8211; 2018)<\/span><\/li>\n<li><span style=\"color: #000000;\">B\u00e9lgica (outubro 2018) \u2013 projeto Euroweek<\/span><\/li>\n<\/ul>\n<p>&nbsp;<\/p>\n<p><span style=\"color: #000000;\">Os alunos t\u00eam a seu cargo o custo da viagem, seguro e despesas pessoais. O alojamento e as refei\u00e7\u00f5es estar\u00e3o a cargo da escola e fam\u00edlias de acolhimento.<\/span><\/p>\n<p>&nbsp;<\/p>\n<p><strong><span style=\"color: #000000;\">CRIT\u00c9RIOS DE SELEC\u00c7\u00c3O, CUMULATIVAMENTE:<\/span><\/strong><\/p>\n<p>&nbsp;<\/p>\n<ul>\n<li><span style=\"color: #000000;\">Ter disponibilidade para acolher alunos de interc\u00e2mbios;<\/span><\/li>\n<li><span style=\"color: #000000;\">Ter boas capacidades de comunica\u00e7\u00e3o em Ingl\u00eas;<\/span><\/li>\n<li><span style=\"color: #000000;\">Ter aproveitamento BOM (sem n\u00edveis negativos);<\/span><\/li>\n<li><span style=\"color: #000000;\">N\u00e3o ter tido procedimentos disciplinares;<\/span><\/li>\n<li><span style=\"color: #000000;\">Revelar interesse pela divulga\u00e7\u00e3o da cultura portuguesa;<\/span><\/li>\n<li><span style=\"color: #000000;\">Ter disponibilidade para desenvolver actividades e representar a escola;<\/span><\/li>\n<li><span style=\"color: #000000;\">Revelar esp\u00edrito de iniciativa;<\/span><\/li>\n<li><span style=\"color: #000000;\">Ter acolhido alunos de interc\u00e2mbios, sem ter beneficiado dos mesmos;<\/span><\/li>\n<li><span style=\"color: #000000;\">Estar dispon\u00edvel para entrevista em l\u00edngua inglesa.<\/span><\/li>\n<\/ul>\n<p>&nbsp;<\/p>\n<p><span style=\"color: #000000;\">Os alunos interessados devem apresentar a sua candidatura, em formul\u00e1rio pr\u00f3prio, dispon\u00edvel na biblioteca, at\u00e9 ao dia <strong><span style=\"text-decoration: underline;\">07 de dezembro de 2017<\/span><\/strong>.<\/span><\/p>\n<p>&nbsp;<\/p>\n<p><em><span style=\"color: #000000;\">Os <strong>resultados de pr\u00e9-sele\u00e7\u00e3o<\/strong> ser\u00e3o afixados no<strong> placard junto \u00e0 sala de professores<\/strong> e na <strong>p\u00e1gina do facebook \u201cESAF-projetos europeus\u201d<\/strong>.<\/span><\/em><\/p>\n","protected":false},"excerpt":{"rendered":"<p>DESTINAT\u00c1RIOS: Alunos das turmas de 10\u00ba e 11\u00ba dos cursos cient\u00edfico-human\u00edsticos e 12\u00baano (op\u00e7\u00e3o Ingl\u00eas): &nbsp; Est\u00e3o abertas as inscri\u00e7\u00f5es para a sele\u00e7\u00e3o de alunos para a participa\u00e7\u00e3o em projetos de interc\u00e2mbio: &nbsp; Pol\u00f3nia (acolhimento em abril\/2018; viagem em setembro 2018) Holanda (viagem em fevereiro \/acolhimento em outubro &#8211; 2018) B\u00e9lgica (outubro 2018) \u2013 projeto [&hellip;]<\/p>\n","protected":false},"author":1,"featured_media":6776,"comment_status":"closed","ping_status":"closed","sticky":false,"template":"","format":"standard","meta":[],"categories":[1],"tags":[],"_links":{"self":[{"href":"https:\/\/aeaf.edu.pt\/index.php?rest_route=\/wp\/v2\/posts\/6779"}],"collection":[{"href":"https:\/\/aeaf.edu.pt\/index.php?rest_route=\/wp\/v2\/posts"}],"about":[{"href":"https:\/\/aeaf.edu.pt\/index.php?rest_route=\/wp\/v2\/types\/post"}],"author":[{"embeddable":true,"href":"https:\/\/aeaf.edu.pt\/index.php?rest_route=\/wp\/v2\/users\/1"}],"replies":[{"embeddable":true,"href":"https:\/\/aeaf.edu.pt\/index.php?rest_route=%2Fwp%2Fv2%2Fcomments&post=6779"}],"version-history":[{"count":1,"href":"https:\/\/aeaf.edu.pt\/index.php?rest_route=\/wp\/v2\/posts\/6779\/revisions"}],"predecessor-version":[{"id":6780,"href":"https:\/\/aeaf.edu.pt\/index.php?rest_route=\/wp\/v2\/posts\/6779\/revisions\/6780"}],"wp:featuredmedia":[{"embeddable":true,"href":"https:\/\/aeaf.edu.pt\/index.php?rest_route=\/wp\/v2\/media\/6776"}],"wp:attachment":[{"href":"https:\/\/aeaf.edu.pt\/index.php?rest_route=%2Fwp%2Fv2%2Fmedia&parent=6779"}],"wp:term":[{"taxonomy":"category","embeddable":true,"href":"https:\/\/aeaf.edu.pt\/index.php?rest_route=%2Fwp%2Fv2%2Fcategories&post=6779"},{"taxonomy":"post_tag","embeddable":true,"href":"https:\/\/aeaf.edu.pt\/index.php?rest_route=%2Fwp%2Fv2%2Ftags&post=6779"}],"curies":[{"name":"wp","href":"https:\/\/api.w.org\/{rel}","templated":true}]}}