{"id":9858,"date":"2020-06-26T00:41:00","date_gmt":"2020-06-26T00:41:00","guid":{"rendered":"http:\/\/aeaf.edu.pt\/?p=9858"},"modified":"2020-10-07T21:58:26","modified_gmt":"2020-10-07T21:58:26","slug":"matricula-e-renovacao-de-matricula-para-o-ano-letivo-2020-2021","status":"publish","type":"post","link":"https:\/\/aeaf.edu.pt\/?p=9858","title":{"rendered":"Matr\u00edcula e Renova\u00e7\u00e3o de Matr\u00edcula para o ano letivo 2020\/2021"},"content":{"rendered":"\n<p class=\"has-text-align-center\"><strong>A partir do pr\u00f3ximo dia 04 de maio o Portal das Matr\u00edculas estar\u00e1 dispon\u00edvel para que Encarregados de Educa\u00e7\u00e3o e Servi\u00e7os Escolares registem pedidos de matr\u00edcula para o ano letivo 2020\/2021.<\/strong><\/p>\n\n\n\n<p style=\"font-size:18px\"><strong>Os registos de primeira matr\u00edcula, renova\u00e7\u00f5es de matr\u00edcula e pedidos de transfer\u00eancia de escola para a <em><span class=\"has-inline-color has-vivid-green-cyan-color\">educa\u00e7\u00e3o pr\u00e9-escolar e matr\u00edcula no 1\u00ba ano do 1\u00ba ciclo do ensino b\u00e1sico<\/span><\/em> decorrem de <span class=\"has-inline-color has-vivid-green-cyan-color\">04 de maio a 30 de junho<\/span>.<\/strong><\/p>\n\n\n\n<p style=\"font-size:18px\"><strong>Os registos de matr\u00edcula nos outros anos iniciais de ciclo 5\u00ba, 7\u00ba e 10\u00ba anos de escolaridade, as renova\u00e7\u00f5es de matr\u00edcula e os pedidos de transfer\u00eancia de escola nos <em><span class=\"has-inline-color has-vivid-green-cyan-color\">1\u00ba, 2\u00ba, 3\u00ba ciclos do ensino b\u00e1sico e ensino secund\u00e1rio<\/span><\/em> decorrem <span class=\"has-inline-color has-vivid-green-cyan-color\">a partir de 26 de junho<\/span>.<\/strong><\/p>\n\n\n\n<div class=\"wp-block-file aligncenter\"><a href=\"http:\/\/aeaf.edu.pt\/wp-content\/uploads\/2020\/04\/Matr\u00edculas-para-o-ano-escolar-de-2020.pdf\" target=\"_blank\" rel=\"noreferrer noopener\"><br><strong>Matr\u00edculas para o ano escolar de 2020<\/strong><\/a><a href=\"http:\/\/aeaf.edu.pt\/wp-content\/uploads\/2020\/04\/Matr\u00edculas-para-o-ano-escolar-de-2020.pdf\" class=\"wp-block-file__button\" download>Descarregar<\/a><\/div>\n\n\n\n<hr class=\"wp-block-separator has-text-color has-background has-vivid-green-cyan-background-color has-vivid-green-cyan-color is-style-dots\"\/>\n\n\n\n<p style=\"font-size:18px\" class=\"has-text-align-center\"><strong>Portal das Matr\u00edculas:<\/strong><span class=\"has-inline-color has-vivid-red-color\"><strong> <\/strong><\/span><strong><a href=\"https:\/\/portaldasmatriculas.edu.gov.pt\/pdm\/#\/portal\/home\" target=\"_blank\" rel=\"noreferrer noopener\"><span class=\"has-inline-color has-vivid-red-color\">http:\/\/pmat.dgeec.mec.pt\/<\/span><\/a><\/strong><\/p>\n\n\n\n<hr class=\"wp-block-separator has-text-color has-background has-vivid-red-background-color has-vivid-red-color is-style-dots\"\/>\n\n\n\n<p>O Portal das Matr\u00edculas, \u00e9 um servi\u00e7o do Minist\u00e9rio da Educa\u00e7\u00e3o que <strong><em>permite efetuar pedidos de matr\u00edcula, renova\u00e7\u00e3o de matr\u00edcula e pedidos de transfer\u00eancia de escola na educa\u00e7\u00e3o pr\u00e9-escolar e nos ensinos b\u00e1sico e secund\u00e1rio em estabelecimentos de ensino p\u00fablicos do Minist\u00e9rio da Educa\u00e7\u00e3o, privados e IPSS ou equiparados<\/em><\/strong>.<\/p>\n\n\n\n<p><strong>Se \u00e9 Encarregado de Educa\u00e7\u00e3o a matr\u00edcula do seu educando deve ser realizada, preferencialmente, nesta aplica\u00e7\u00e3o que lhe permite, mediante consentimento pr\u00e9vio, fornecer toda a informa\u00e7\u00e3o e documenta\u00e7\u00e3o necess\u00e1ria \u00e0 instru\u00e7\u00e3o do processo de matr\u00edcula.<\/strong><\/p>\n\n\n\n<p><strong>A presente aplica\u00e7\u00e3o permite realizar a primeira matr\u00edcula na educa\u00e7\u00e3o pr\u00e9-escolar e no 1.\u00ba ciclo do ensino b\u00e1sico, o registo de renova\u00e7\u00e3o de matr\u00edcula e o pedido de transfer\u00eancia de escola dos alunos na educa\u00e7\u00e3o pr\u00e9-escolar e nos ensinos b\u00e1sico e secund\u00e1rio nas v\u00e1rias modalidades de ensino destinadas a jovens.<\/strong><\/p>\n\n\n\n<p>Para matr\u00edcula na modalidade de ensino art\u00edstico especializado, deve o encarregado de educa\u00e7\u00e3o estar na posse de uma declara\u00e7\u00e3o de vaga, a solicitar no estabelecimento de educa\u00e7\u00e3o e ensino da modalidade de ensino art\u00edstico especializado que o seu educando pretende frequentar, a qual vai ser solicitada no preenchimento do pedido de matr\u00edcula.<\/p>\n\n\n\n<p>Para a matr\u00edcula de alunos provenientes do estrangeiro e matr\u00edculas de alunos que frequentaram em Portugal planos de estudos estrangeiros e para os quais seja necess\u00e1rio um processo de equival\u00eancia, ap\u00f3s a submiss\u00e3o do processo de matr\u00edcula deve ser contactado o estabelecimento de educa\u00e7\u00e3o e ensino de 1\u00aa prefer\u00eancia para que se proceda ao pedido de equival\u00eancia.<\/p>\n\n\n\n<p>Para matr\u00edculas para os ensinos b\u00e1sico ou secund\u00e1rio recorrente ou para outras ofertas educativas e formativas destinadas a adultos devem ser contactados os estabelecimentos de educa\u00e7\u00e3o e ensino respetivos.<\/p>\n\n\n\n<p>Para mais detalhes relativos aos procedimentos de matr\u00edcula ano letivo 2020\/2021 consulte&nbsp; as <em><strong>perguntas frequentes<\/strong><\/em> da Dire\u00e7\u00e3o-Geral de Estabelecimentos Escolares (DGEstE).<\/p>\n\n\n\n<p><strong>Para utilizar este servi\u00e7o o Encarregado de Educa\u00e7\u00e3o pode recorrer a uma das seguintes formas de autentica\u00e7\u00e3o:<\/strong><\/p>\n\n\n\n<ol><li>Credenciais de acesso ao Portal das Finan\u00e7as<\/li><li>Cart\u00e3o de Cidad\u00e3o &#8211; Para a autentica\u00e7\u00e3o com recurso ao Cart\u00e3o de Cidad\u00e3o \u00e9 necess\u00e1rio o Cart\u00e3o de Cidad\u00e3o e o respetivo PIN de autentica\u00e7\u00e3o, um leitor de cart\u00f5es ligado a um computador com acesso \u00e0 Internet e ter instalado no computador o plugin Autentica\u00e7\u00e3o.Gov,  dispon\u00edvel em:<ul><li><strong><span class=\"has-inline-color has-vivid-red-color\"> <\/span><a rel=\"noreferrer noopener\" href=\"https:\/\/autenticacao.gov.pt\/fa\/ajuda\/autenticacaogovpt.aspx\" target=\"_blank\"><span class=\"has-inline-color has-vivid-red-color\">https:\/\/autenticacao.gov.pt\/fa\/ajuda\/autenticacaogovpt.aspx<\/span><\/a><\/strong> &nbsp;<\/li><\/ul><\/li><li>Chave M\u00f3vel Digital &#8211; Para a autentica\u00e7\u00e3o com recurso \u00e0 Chave M\u00f3vel Digital \u00e9 necess\u00e1rio que previamente tenha sido efetuado um pedido de Chave. Poder\u00e1 consultar a informa\u00e7\u00e3o referente ao pedido de Chave M\u00f3vel Digital e ao processo de autentica\u00e7\u00e3o em: <ul><li><a rel=\"noreferrer noopener\" href=\"https:\/\/www.autenticacao.gov.pt\/a-chave-movel-digital\" target=\"_blank\"><strong><span class=\"has-inline-color has-vivid-red-color\">https:\/\/www.autenticacao.gov.pt\/a-chave-movel-digital<\/span><\/strong><\/a>&nbsp;<\/li><\/ul><\/li><\/ol>\n\n\n\n<p><\/p>\n","protected":false},"excerpt":{"rendered":"<p>A partir do pr\u00f3ximo dia 04 de maio o Portal das Matr\u00edculas estar\u00e1 dispon\u00edvel para que Encarregados de Educa\u00e7\u00e3o e Servi\u00e7os Escolares registem pedidos de matr\u00edcula para o ano letivo 2020\/2021. Os registos de primeira matr\u00edcula, renova\u00e7\u00f5es de matr\u00edcula e pedidos de transfer\u00eancia de escola para a educa\u00e7\u00e3o pr\u00e9-escolar e matr\u00edcula no 1\u00ba ano do [&hellip;]<\/p>\n","protected":false},"author":1,"featured_media":10006,"comment_status":"closed","ping_status":"closed","sticky":false,"template":"","format":"standard","meta":[],"categories":[1],"tags":[],"_links":{"self":[{"href":"https:\/\/aeaf.edu.pt\/index.php?rest_route=\/wp\/v2\/posts\/9858"}],"collection":[{"href":"https:\/\/aeaf.edu.pt\/index.php?rest_route=\/wp\/v2\/posts"}],"about":[{"href":"https:\/\/aeaf.edu.pt\/index.php?rest_route=\/wp\/v2\/types\/post"}],"author":[{"embeddable":true,"href":"https:\/\/aeaf.edu.pt\/index.php?rest_route=\/wp\/v2\/users\/1"}],"replies":[{"embeddable":true,"href":"https:\/\/aeaf.edu.pt\/index.php?rest_route=%2Fwp%2Fv2%2Fcomments&post=9858"}],"version-history":[{"count":8,"href":"https:\/\/aeaf.edu.pt\/index.php?rest_route=\/wp\/v2\/posts\/9858\/revisions"}],"predecessor-version":[{"id":10199,"href":"https:\/\/aeaf.edu.pt\/index.php?rest_route=\/wp\/v2\/posts\/9858\/revisions\/10199"}],"wp:featuredmedia":[{"embeddable":true,"href":"https:\/\/aeaf.edu.pt\/index.php?rest_route=\/wp\/v2\/media\/10006"}],"wp:attachment":[{"href":"https:\/\/aeaf.edu.pt\/index.php?rest_route=%2Fwp%2Fv2%2Fmedia&parent=9858"}],"wp:term":[{"taxonomy":"category","embeddable":true,"href":"https:\/\/aeaf.edu.pt\/index.php?rest_route=%2Fwp%2Fv2%2Fcategories&post=9858"},{"taxonomy":"post_tag","embeddable":true,"href":"https:\/\/aeaf.edu.pt\/index.php?rest_route=%2Fwp%2Fv2%2Ftags&post=9858"}],"curies":[{"name":"wp","href":"https:\/\/api.w.org\/{rel}","templated":true}]}}